{"id":5257,"date":"2023-09-16T20:09:15","date_gmt":"2023-09-16T20:09:15","guid":{"rendered":"https:\/\/www.sokisahtel.net\/blog\/?p=5257"},"modified":"2024-03-03T17:43:34","modified_gmt":"2024-03-03T17:43:34","slug":"8-sikki-ja-mitmekulgset-viisi-kaelaratiku-kandmiseks","status":"publish","type":"post","link":"https:\/\/www.sokisahtel.net\/blog\/8-sikki-ja-mitmekulgset-viisi-kaelaratiku-kandmiseks\/","title":{"rendered":"8 \u0161ikki ja mitmek\u00fclgset viisi kaelar\u00e4tiku kandmiseks"},"content":{"rendered":"\n<p>S\u00fcgis on kiirelt k\u00e4tte j\u00f5udnud ja on aeg kaunistada oma garderoobi hooaja kuumima aksessuaariga: <a href=\"https:\/\/www.sokisahtel.net\/et\/kingitused\/sallid-ja-pleedid\/kaelaratikud\">kaelar\u00e4tikuga<\/a>. Tihtipeale m\u00f5eldakse, et kaelar\u00e4tik sobib vaid kaelas kandmiseks, kuid tegelikkuses on v\u00e4ga palju erinevaid viise, kuidas seda mitmek\u00fclgset aksessuaari enda riietuse juurde lisada. Ja n\u00f5nda oma riietust s\u00e4rtsakamaks muuta!<\/p>\n\n\n\n<p>Pealegi on s\u00fcgis ideaalne selleks, et katsetada erinevate uute outfitide ja aksessuaaridega. Olenemata sellest, kas vajad tavalisi kontorioutifte v\u00f5i m\u00f5ne uhkema gala jaoks, saab kaelar\u00e4tti kanda just t\u00e4pselt nii nagu sul vaja. Pole ime, et see lihtne, kuid stiilne aksessuaar on muutunud iga moeteadliku inimese jaoks kohustuslikuks ja <a href=\"http:\/\/tiktok.com\">Tiktok<\/a> on t\u00e4is erinevaid &#8220;h\u00e4kke&#8221;, kuidas kaelar\u00e4tikuid erinevatel viisidel kanda.  Selles artiklis tutvustame sulle 8 erinevat viisi oma kaelar\u00e4ti kandmiseks, alates klassikalisest lipsust kuni sellest uhke topi tegemiseni. Nii saad v\u00e4rske, s\u00e4rtsaka ja moeka v\u00e4limuse kogu s\u00fcgiseks. Otsi oma kaelar\u00e4tikud v\u00e4lja ja asu katsetama &#8211;  oleme selle teinud sulle eriti lihtsaks, lisades iga nipi juurde ka video, kuidas seda teha! <\/p>\n\n\n<ul class=\"simpletoc\">\n<li>\n<a  href=\"#klassikaliselt-kaelaratiku-kaelasnbspkandmine\">Klassikaliselt kaelar\u00e4tiku kaelas&nbsp;kandmine<\/a><\/li><li>\n<a  href=\"#kaelaratiku-kaelas-kandmine-koos-sormusega\">Kaelar\u00e4tiku kaelas kandmine koos s\u00f5rmusega<\/a><\/li><li>\n<a  href=\"#kae-umber-kaevoruna\">K\u00e4e \u00fcmber k\u00e4ev\u00f5runa<\/a><\/li><li>\n<a  href=\"#vaikse-kaekoti-kuljes-lipsuna\">V\u00e4ikse k\u00e4ekoti k\u00fcljes lipsuna<\/a><\/li><li>\n<a  href=\"#pukste-voopandla-kuljesnbspkaunistusena\">P\u00fckste v\u00f6\u00f6pandla k\u00fcljes&nbsp;kaunistusena<\/a><\/li><li>\n<a  href=\"#patsikummi-kuljes-juusteaksessuaarinanbsp\">Patsikummi k\u00fcljes juusteaksessuaarina&nbsp;<\/a><\/li><li>\n<a  href=\"#kaelaratik-igapaeva-kaekoti-kuljes-kaunistusena\">Kaelar\u00e4tik igap\u00e4eva k\u00e4ekoti k\u00fcljes kaunistusena<\/a><\/li><li>\n<a  href=\"#kuidas-kanda-kaelaratikut-topina\">Kuidas kanda kaelar\u00e4tikut topina?<\/a><\/li><li>\n<a  href=\"#kaelaratiku-lopmatud-voimalused\">Kaelar\u00e4tiku l\u00f5pmatud v\u00f5imalused<\/a><\/li><\/ul>\n\n<h2 class=\"has-medium-font-size\" id=\"klassikaliselt-kaelaratiku-kaelasnbspkandmine\">Klassikaliselt kaelar\u00e4tiku kaelas kandmine<\/h2>\n\n\n<div class=\"wp-block-columns\">\n<div class=\"wp-block-column\">\n<p>Muidugi alustame k\u00f5ige klassikalisemast variandist, kaelar\u00e4tiku kaelas kandmine. Kas on \u00fcldse midagi klassikalisemat moes kui <a href=\"https:\/\/www.sokisahtel.net\/et\/andria-roheline-kirju-kaelaratik\">kaelar\u00e4tik<\/a> kaelas? See on nagu moemaailma vanakooli p\u00fchakiri, mis on alati stiilne ja <em>in<\/em>.  Kui sa oled m\u00f5elnud, mida teha oma tavap\u00e4rase <em>basic<\/em> outfitiga, siis klassikaline kaelar\u00e4tik on vastus, mida sa oled otsinud! Milliste outfitide juurde sobib kanda kaelar\u00e4tti ja millistega mitte? Kuidas kaelar\u00e4tikut mugavalt kaelas kanda? Ega tegelikult kindlaid reegleid ei ole, vaid kaelar\u00e4tt on \u00fcks kiire ja \u00e4\u00e4retult lihtne viis teha tavalisest igavast riietusest \u00fcsna silmapaistev outfit.<\/p>\n\n\n\n<p>M\u00f5tle nii: On t\u00e4iesti tavaline teisip\u00e4ev ja sa oled valinud kanda oma lemmik teksap\u00fcksid ja lihtsa valge T-s\u00e4rgi. Muidu oleks see t\u00e4iesti okei, aga t\u00e4na on sul soov natuke v\u00e4lja paista, eks? Just siin astubki m\u00e4ngu <strong><a href=\"https:\/\/www.sokisahtel.net\/et\/trieste-tumesinine-kaelaratik\">klassikaline kaelar\u00e4tik<\/a><\/strong>.<\/p>\n<\/div>\n\n\n\n<div class=\"wp-block-column\">\n<figure class=\"wp-block-image size-large\"><a href=\"https:\/\/www.sokisahtel.net\/et\/andria-roheline-kirju-kaelaratik\"><img width=\"762\" height=\"1024\" src=\"https:\/\/www.sokisahtel.net\/blog\/wp-content\/uploads\/2023\/09\/Screenshot-2023-09-15-at-15.09.11-762x1024.png\" alt=\"Klassikaline kaelar\u00e4tiku kaelas kandmine\" class=\"wp-image-5307\" srcset=\"https:\/\/www.sokisahtel.net\/blog\/wp-content\/uploads\/2023\/09\/Screenshot-2023-09-15-at-15.09.11-762x1024.png 762w, https:\/\/www.sokisahtel.net\/blog\/wp-content\/uploads\/2023\/09\/Screenshot-2023-09-15-at-15.09.11-223x300.png 223w, https:\/\/www.sokisahtel.net\/blog\/wp-content\/uploads\/2023\/09\/Screenshot-2023-09-15-at-15.09.11-768x1032.png 768w, https:\/\/www.sokisahtel.net\/blog\/wp-content\/uploads\/2023\/09\/Screenshot-2023-09-15-at-15.09.11-780x1048.png 780w, https:\/\/www.sokisahtel.net\/blog\/wp-content\/uploads\/2023\/09\/Screenshot-2023-09-15-at-15.09.11-600x806.png 600w, https:\/\/www.sokisahtel.net\/blog\/wp-content\/uploads\/2023\/09\/Screenshot-2023-09-15-at-15.09.11-550x739.png 550w, https:\/\/www.sokisahtel.net\/blog\/wp-content\/uploads\/2023\/09\/Screenshot-2023-09-15-at-15.09.11-370x497.png 370w, https:\/\/www.sokisahtel.net\/blog\/wp-content\/uploads\/2023\/09\/Screenshot-2023-09-15-at-15.09.11-255x343.png 255w, https:\/\/www.sokisahtel.net\/blog\/wp-content\/uploads\/2023\/09\/Screenshot-2023-09-15-at-15.09.11.png 978w\" sizes=\"(max-width: 762px) 100vw, 762px\" \/><\/a><\/figure>\n<\/div>\n<\/div>\n\n\n\n<p>V\u00f5ta \u00fcks <a href=\"https:\/\/www.sokisahtel.net\/et\/kingitused\/sallid-ja-pleedid\/kaelaratikud?p=2\">Sokisahtli stiilne kaelar\u00e4tik<\/a>, mis sobib su v\u00e4rvidega &#8211; olgu see elegantne must, julge punane v\u00f5i hoopis mustriline. Voldi see hoolikalt kolmnurgaks ja aseta \u00fcks ots paremale \u00f5lale ja teine vasakule. Seo otsad kokku ja voil\u00e0!<\/p>\n\n\n\n<p>N\u00fc\u00fcd oled sa tavalisest riietusest loonud midagi, mis n\u00e4eb v\u00e4lja nii p\u00f5nev ja <em>fancy<\/em>! Kaelar\u00e4tik annab su v\u00e4limusele isikup\u00e4ra ning toob esile su ainulaadsuse. Ja parim osa? See on nii lihtne, et saad sellega hakkama ka siis, kui oled hommikul kiirustades uksest v\u00e4lja astumas.<\/p>\n\n\n<h2 class=\"has-medium-font-size\" id=\"kaelaratiku-kaelas-kandmine-koos-sormusega\">Kaelar\u00e4tiku kaelas kandmine koos s\u00f5rmusega<\/h2>\n\n\n<div class=\"wp-block-columns\">\n<div class=\"wp-block-column\" style=\"flex-basis:100%\">\n<div class=\"wp-block-columns\">\n<div class=\"wp-block-column\">\n<div class=\"wp-block-columns\">\n<div class=\"wp-block-column\">\n<p>N\u00fc\u00fcd kus me oleme juba tutvustanud k\u00f5ige klassikalalisemat viisi kanda kaelar\u00e4tikut, liigume p\u00f5nevamate trikkide juurde. J\u00e4rgmiseks l\u00e4heb sul vaja lisaks kaelar\u00e4tile ka s\u00f5rmust. <\/p>\n\n\n\n<p>Katseta salli ja s\u00f5rmuse koos kandmist  nii: esmalt tee oma kaelar\u00e4tikule klassikaline loomulik s\u00f5lm &#8211; keeruta r\u00e4tik kolmnurgaks, aseta see \u00fcmber kaela ja seo otsad kokku nii, nagu tavaliselt. N\u00fc\u00fcd aga tuleb m\u00e4ngu see eriline nipp. Oma lemmik s\u00f5rmusega &#8211; olgu see minimalistlik h\u00f5bedane s\u00f5rmus v\u00f5i s\u00e4rav kalliskivi &#8211; libista kaelar\u00e4tiku otsa selle vahelt l\u00e4bi ning liiguta seda \u00fclespoole.<\/p>\n\n\n\n<p>Tulemus? Elegantne ja pilkup\u00fc\u00fcdev v\u00e4limus, kus kaks imelist aksessuaari saavad \u00fcksteisega harmooniliselt kokku sulada. Samas j\u00e4lle nii lihtne ja kerge viis elegantsust oma riietusele lisada. <\/p>\n<\/div>\n\n\n\n<div class=\"wp-block-column\">\n<figure class=\"wp-block-image size-large\"><a href=\"https:\/\/www.sokisahtel.net\/et\/carloforte-roheline-kaelaratik\"><img width=\"861\" height=\"1024\" src=\"https:\/\/www.sokisahtel.net\/blog\/wp-content\/uploads\/2023\/09\/Screenshot-2023-09-15-at-15.17.46-861x1024.png\" alt=\"Kaelar\u00e4tik s\u00f5rmusega kaelas\" class=\"wp-image-5308\" srcset=\"https:\/\/www.sokisahtel.net\/blog\/wp-content\/uploads\/2023\/09\/Screenshot-2023-09-15-at-15.17.46-861x1024.png 861w, https:\/\/www.sokisahtel.net\/blog\/wp-content\/uploads\/2023\/09\/Screenshot-2023-09-15-at-15.17.46-252x300.png 252w, https:\/\/www.sokisahtel.net\/blog\/wp-content\/uploads\/2023\/09\/Screenshot-2023-09-15-at-15.17.46-768x913.png 768w, https:\/\/www.sokisahtel.net\/blog\/wp-content\/uploads\/2023\/09\/Screenshot-2023-09-15-at-15.17.46-780x927.png 780w, https:\/\/www.sokisahtel.net\/blog\/wp-content\/uploads\/2023\/09\/Screenshot-2023-09-15-at-15.17.46-600x713.png 600w, https:\/\/www.sokisahtel.net\/blog\/wp-content\/uploads\/2023\/09\/Screenshot-2023-09-15-at-15.17.46-550x654.png 550w, https:\/\/www.sokisahtel.net\/blog\/wp-content\/uploads\/2023\/09\/Screenshot-2023-09-15-at-15.17.46-370x440.png 370w, https:\/\/www.sokisahtel.net\/blog\/wp-content\/uploads\/2023\/09\/Screenshot-2023-09-15-at-15.17.46-255x303.png 255w, https:\/\/www.sokisahtel.net\/blog\/wp-content\/uploads\/2023\/09\/Screenshot-2023-09-15-at-15.17.46.png 1060w\" sizes=\"(max-width: 861px) 100vw, 861px\" \/><\/a><\/figure>\n<\/div>\n<\/div>\n<\/div>\n<\/div>\n<\/div>\n<\/div>\n\n\n\n<div class=\"wp-block-columns\">\n<div class=\"wp-block-column\">\n<figure class=\"wp-block-video\"><video controls src=\"https:\/\/www.sokisahtel.net\/blog\/wp-content\/uploads\/2023\/09\/2D90BCC0-F41D-451D-88B0-44ACBF3373A2.mov\"><\/video><\/figure>\n<\/div>\n\n\n\n<div class=\"wp-block-column\">\n\n\n\n\n\n\n\n\n<p>Ja mis veelgi parem, sa ei pea eraldi ostma sallis\u00f5rmust, sest tavaline s\u00f5rmus, mis sul juba olemas on, teeb seda trikki suurep\u00e4raselt. See lisab sinu v\u00e4limusele \u0161armi ja unikaalsust.<\/p>\n\n\n\n<p>Niisiis, kui soovid anda oma kaelar\u00e4tikule ja s\u00f5rmusele \u00fchise piduliku hetke, proovi seda lihtsat trikki j\u00e4rgmine kord, kui soovid end stiilselt ja originaalselt v\u00e4ljendada. <\/p>\n\n\n\n<p>Kaelar\u00e4tik ja s\u00f5rmus &#8211; kaks ilusat aksessuaari, mis loovad koos imelise kombo.<\/p>\n\n\n\n<p>\u2b05\ufe0f <strong>Vaata siit videost kuidas meile meeldib kaelar\u00e4tti kaelas kanda. <\/strong><\/p>\n<\/div>\n<\/div>\n\n\n\n<div class=\"wp-block-buttons\">\n<div class=\"wp-block-button has-custom-width wp-block-button__width-100\"><a class=\"wp-block-button__link has-white-color has-vivid-red-background-color has-text-color has-background\" href=\"https:\/\/www.sokisahtel.net\/et\/kingitused\/sallid-ja-pleedid\/kaelaratikud\">Vaata imeilusaid kaelar\u00e4tikuid SIIT!<\/a><\/div>\n<\/div>\n\n\n<h2 class=\"has-medium-font-size\" id=\"kae-umber-kaevoruna\">K\u00e4e \u00fcmber k\u00e4ev\u00f5runa<\/h2>\n\n\n<div class=\"wp-block-columns\">\n<div class=\"wp-block-column\">\n<p>N\u00fc\u00fcd on hetk liikuda edasi erinevate viisideni, kuidas kaelar\u00e4tikuid MITTE kaelas kanda!<br>Selle aasta s\u00fcgis on hetk proovida midagi uut ja lahedat &#8211; <a href=\"https:\/\/www.sokisahtel.net\/et\/trieste-roosa-kaelaratik\">kaelar\u00e4tik k\u00e4ev\u00f5runa<\/a>! See on stiilne ja julge viis lisada s\u00e4rtsu oma outfitile ning anda kaelar\u00e4tikule t\u00e4iesti uus t\u00e4hendus.<\/p>\n\n\n\n<p>Alustuseks vali oma lemmik kaelar\u00e4tik Sokisahtli laiast valikust. Seej\u00e4rel aseta kaelar\u00e4tik k\u00e4e \u00fcmber ja seo see lihtsalt s\u00f5lme, et moodustuks stiilne k\u00e4ev\u00f5ru. V\u00f5id lasta kaelar\u00e4tiku otsad vabalt rippuma v\u00f5i keerata k\u00e4e \u00fcmber peitu. <\/p>\n\n\n\n<p>Lisaks on kaelar\u00e4tik k\u00e4ev\u00f5runa kandmine praktiline viis kaitsta end jaheda ilmaga. Kui tunned, et tuul hakkab tugevamalt puhuma v\u00f5i ilm muutub jahedaks, saad kaelar\u00e4tiku kiiresti k\u00e4est v\u00f5tta ja kaela \u00fcmber panna.<\/p>\n<\/div>\n\n\n\n<div class=\"wp-block-column\">\n<figure class=\"wp-block-image size-large\"><a href=\"https:\/\/www.sokisahtel.net\/et\/kingitused\/sallid-ja-pleedid\/kaelaratikud?p=5\"><img width=\"783\" height=\"1024\" src=\"https:\/\/www.sokisahtel.net\/blog\/wp-content\/uploads\/2023\/09\/Screenshot-2023-09-15-at-15.43.06-783x1024.png\" alt=\"\" class=\"wp-image-5313\" srcset=\"https:\/\/www.sokisahtel.net\/blog\/wp-content\/uploads\/2023\/09\/Screenshot-2023-09-15-at-15.43.06-783x1024.png 783w, https:\/\/www.sokisahtel.net\/blog\/wp-content\/uploads\/2023\/09\/Screenshot-2023-09-15-at-15.43.06-229x300.png 229w, https:\/\/www.sokisahtel.net\/blog\/wp-content\/uploads\/2023\/09\/Screenshot-2023-09-15-at-15.43.06-768x1004.png 768w, https:\/\/www.sokisahtel.net\/blog\/wp-content\/uploads\/2023\/09\/Screenshot-2023-09-15-at-15.43.06-780x1020.png 780w, https:\/\/www.sokisahtel.net\/blog\/wp-content\/uploads\/2023\/09\/Screenshot-2023-09-15-at-15.43.06-600x785.png 600w, https:\/\/www.sokisahtel.net\/blog\/wp-content\/uploads\/2023\/09\/Screenshot-2023-09-15-at-15.43.06-550x719.png 550w, https:\/\/www.sokisahtel.net\/blog\/wp-content\/uploads\/2023\/09\/Screenshot-2023-09-15-at-15.43.06-370x484.png 370w, https:\/\/www.sokisahtel.net\/blog\/wp-content\/uploads\/2023\/09\/Screenshot-2023-09-15-at-15.43.06-255x333.png 255w, https:\/\/www.sokisahtel.net\/blog\/wp-content\/uploads\/2023\/09\/Screenshot-2023-09-15-at-15.43.06.png 1014w\" sizes=\"(max-width: 783px) 100vw, 783px\" \/><\/a><\/figure>\n<\/div>\n<\/div>\n\n\n<h2 class=\"has-medium-font-size\" id=\"vaikse-kaekoti-kuljes-lipsuna\">V\u00e4ikse k\u00e4ekoti k\u00fcljes lipsuna<\/h2>\n\n\n<div class=\"wp-block-columns\">\n<div class=\"wp-block-column\">\n<figure class=\"wp-block-image size-large\"><a href=\"https:\/\/www.sokisahtel.net\/et\/vernazza-roheliste-servadega-ruuduline-kaelaratik\"><img width=\"771\" height=\"1024\" src=\"https:\/\/www.sokisahtel.net\/blog\/wp-content\/uploads\/2023\/09\/Screenshot-2023-09-16-at-21.27.45-771x1024.png\" alt=\"\" class=\"wp-image-5319\" srcset=\"https:\/\/www.sokisahtel.net\/blog\/wp-content\/uploads\/2023\/09\/Screenshot-2023-09-16-at-21.27.45-771x1024.png 771w, https:\/\/www.sokisahtel.net\/blog\/wp-content\/uploads\/2023\/09\/Screenshot-2023-09-16-at-21.27.45-226x300.png 226w, https:\/\/www.sokisahtel.net\/blog\/wp-content\/uploads\/2023\/09\/Screenshot-2023-09-16-at-21.27.45-768x1020.png 768w, https:\/\/www.sokisahtel.net\/blog\/wp-content\/uploads\/2023\/09\/Screenshot-2023-09-16-at-21.27.45-780x1036.png 780w, https:\/\/www.sokisahtel.net\/blog\/wp-content\/uploads\/2023\/09\/Screenshot-2023-09-16-at-21.27.45-600x797.png 600w, https:\/\/www.sokisahtel.net\/blog\/wp-content\/uploads\/2023\/09\/Screenshot-2023-09-16-at-21.27.45-550x731.png 550w, https:\/\/www.sokisahtel.net\/blog\/wp-content\/uploads\/2023\/09\/Screenshot-2023-09-16-at-21.27.45-370x492.png 370w, https:\/\/www.sokisahtel.net\/blog\/wp-content\/uploads\/2023\/09\/Screenshot-2023-09-16-at-21.27.45-255x339.png 255w, https:\/\/www.sokisahtel.net\/blog\/wp-content\/uploads\/2023\/09\/Screenshot-2023-09-16-at-21.27.45.png 992w\" sizes=\"(max-width: 771px) 100vw, 771px\" \/><\/a><\/figure>\n<\/div>\n\n\n\n<div class=\"wp-block-column\">\n<p>N\u00fc\u00fcd liigume aga triki juurde, mis kombineerib praktilisuse ja stiili \u00fcheks silmapaistvaks aksessuaariks? Kaelar\u00e4tik v\u00e4ikse k\u00e4ekoti k\u00fcljes lipsuna on \u00fcks viimase aja moetrende, mis v\u00f5imaldab sul n\u00e4idata oma stiilitunnetust ja lisada v\u00e4rvikat isikup\u00e4ra igale outfitile. Lisaks ei pea sa muretsema, et peaksid selleks s\u00fcgiseks otsima poodidest p\u00f5nevaid uusi k\u00e4ekotte oma garderoobi, vaid saad oma vanad lemmikud muuta veelgi erilisemaks. <\/p>\n\n\n\n<p>Ja see trikk on jaburalt lihtne! Pane kokku lihtne outfit ning otsi sinna juurde oma lemmikk\u00e4ekott. Lisaks vali v\u00e4lja ka just sedav\u00e4rvi sall, nagu sulle sellel p\u00e4eval sobib. N\u00fc\u00fcd aga seo sallike armsaks lipsuks k\u00e4ekoti k\u00fclge. <\/p>\n<\/div>\n<\/div>\n\n\n\n<p>See trikk mitte ainult ei anna sinu k\u00e4ekotile uut hingamist, vaid lisab ka sinu riietusele erilist v\u00f5lu. Kui kannad n\u00e4iteks lihtsat musta kleiti, saab v\u00e4rvikas lipsuke k\u00e4ekotil olla just see detail, mis muudab kogu v\u00e4limuse eriliseks. Lisaks stiilile on see praktiline viis hoida salli alati k\u00e4ep\u00e4rast, eriti kui ilm v\u00f5ib muutuda. V\u00f5ta lihtsalt r\u00e4tik k\u00e4ekoti k\u00fcljest lahti ja saadki kaela panna, kui vajad soojust k\u00fclma s\u00fcgistuule eest.<\/p>\n\n\n\n<p><strong>Vaata videotest t\u00e4psemalt j\u00e4rgi, kuidas kaelar\u00e4tikut ilusti koti k\u00fclge ja k\u00e4ev\u00f5ruks siduda. \u2b07\ufe0f<\/strong><\/p>\n\n\n\n<div class=\"wp-block-columns\">\n<div class=\"wp-block-column\">\n<figure class=\"wp-block-video\"><video controls src=\"https:\/\/www.sokisahtel.net\/blog\/wp-content\/uploads\/2023\/09\/063FD89F-5A83-4A58-933E-C36CB1EA1BEF.mov\"><\/video><\/figure>\n<\/div>\n\n\n\n<div class=\"wp-block-column\">\n<figure class=\"wp-block-video\"><video controls src=\"https:\/\/www.sokisahtel.net\/blog\/wp-content\/uploads\/2023\/09\/F97D1943-E195-45D4-B2D6-60A202CFCF33.mov\"><\/video><\/figure>\n<\/div>\n<\/div>\n\n\n<h2 class=\"has-medium-font-size\" id=\"pukste-voopandla-kuljesnbspkaunistusena\">P\u00fckste v\u00f6\u00f6pandla k\u00fcljes kaunistusena<\/h2>\n\n\n<div class=\"wp-block-columns\">\n<div class=\"wp-block-column\">\n<p>Kaelar\u00e4tiku kandmine ei pea alati olema klassikaline ja etteaimatav. Kui otsid midagi oman\u00e4olist ja stiilset, siis proovi kaelar\u00e4tik siduda oma p\u00fckste v\u00f6\u00f6pandla k\u00fclge kaunistusena. See on \u00fcllatav ja nutikas viis lisada oma <em>outfitile<\/em> isikup\u00e4ra ning samal ajal hoida kaelasalli alati k\u00e4ep\u00e4rast.<\/p>\n\n\n\n<p>Eriti h\u00e4sti sobib see trikk \u00fchev\u00e4rviliste ja tagasihoidlike p\u00fckse (v\u00f5i miks ka mitte seeliku v\u00f5i kleidi?) juurde. Seo kaelar\u00e4tik l\u00e4bi v\u00f6\u00f6pandla lipsuks ja s\u00e4ti n\u00f5nda nagu sulle meeldib. Lisaks saad valida kummale k\u00fcljele lipsu seod! Vabalt v\u00f5id ka salli siduda l\u00e4bi kahe v\u00f6\u00f6pandla lipsuks seljataha.  N\u00fc\u00fcd on sul stiilne ja originaalne aksessuaar, mis lisab v\u00fcrtsi tagasihoidlikumale riietusele. <\/p>\n\n\n\n<p>See mitte ainult ei tee sinu riietust huvitavamaks, vaid muudab ka kaelar\u00e4tiku kasutamise igap\u00e4evaelus praktilisemaks. Kui tuul hakkab tugevamalt puhuma ja vajad ruttu salli, saad selle lihtsalt v\u00f6\u00f6pandlast lahti v\u00f5tta ja kaela siduda.<\/p>\n<\/div>\n\n\n\n<div class=\"wp-block-column\">\n<figure class=\"wp-block-video\"><video controls src=\"https:\/\/www.sokisahtel.net\/blog\/wp-content\/uploads\/2023\/09\/CE18BABC-D0B9-408B-9E88-1F326D26D9E2.mov\"><\/video><\/figure>\n<\/div>\n<\/div>\n\n\n\n<div class=\"wp-block-buttons\">\n<div class=\"wp-block-button has-custom-width wp-block-button__width-100\"><a class=\"wp-block-button__link has-white-color has-vivid-red-background-color has-text-color has-background\" href=\"https:\/\/www.sokisahtel.net\/et\/kingitused\/sallid-ja-pleedid\/kaelaratikud\">Otsid ilusat ja praktilist kingitust? Leia kaelar\u00e4tikud SIIT<\/a><\/div>\n<\/div>\n\n\n<h2 class=\"has-medium-font-size\" id=\"patsikummi-kuljes-juusteaksessuaarinanbsp\">Patsikummi k\u00fcljes juusteaksessuaarina <\/h2>\n\n\n<div class=\"wp-block-columns\">\n<div class=\"wp-block-column\">\n<figure class=\"wp-block-video\"><video controls src=\"https:\/\/www.sokisahtel.net\/blog\/wp-content\/uploads\/2023\/09\/6A120B03-D284-44F0-8FA2-D1C4C6C07EBD.mov\"><\/video><\/figure>\n<\/div>\n\n\n\n<div class=\"wp-block-column\">\n<p>Nii, oleme j\u00f5udnud \u00fche meie k\u00f5ige lemmikuma triki juurde! See trikk sobib eriti h\u00e4sti m\u00f5nele uhkemale \u00fcritusele, sest lisab erilist elegantsi. <\/p>\n\n\n\n<p>Vali v\u00e4lja oma riietusega sobiv kaelar\u00e4tik (kuigi selle triki puhul, me soovitame alati <strong><a href=\"https:\/\/www.sokisahtel.net\/et\/matera-oranz-kaelaratik-hobusega\">erksamaid v\u00e4rve<\/a><\/strong> katsetada!) ja otsi v\u00e4lja ka patsikumm.   Seej\u00e4rel vali sobiv soeng &#8211; patsikumm t\u00f6\u00f6tab suurep\u00e4raselt nii hobusaba kui ka punutiste puhul. <\/p>\n\n\n\n<p>Keera sall \u00fcmber patsikummi s\u00f5lme ning saadki soenguga pihta hakata.  Aseta kaelar\u00e4tik patsikummiga pea kohale, nii et r\u00e4tik moodustab juuste \u00fcmber elegantse kaunistuse.<\/p>\n\n\n\n<p>See lihtne trikk muudab sind t\u00f5eliseks pilkup\u00fc\u00fcdjaks. K\u00f5ndides v\u00f5i liikudes, liigub r\u00e4tik koos sinu juustega, andes sulle enesekindla ja \u0161iki v\u00e4limuse. <\/p>\n\n\n\n<p>\u2b05\ufe0f Vaata videost, kuidas meie salliga \u00e4geda soengu tegime. <\/p>\n<\/div>\n<\/div>\n\n\n<h2 class=\"has-medium-font-size\" id=\"kaelaratik-igapaeva-kaekoti-kuljes-kaunistusena\">Kaelar\u00e4tik igap\u00e4eva k\u00e4ekoti k\u00fcljes kaunistusena<\/h2>\n\n\n<div class=\"wp-block-columns\">\n<div class=\"wp-block-column\">\n<p>Kas oled t\u00fcdinenud oma igap\u00e4evakoti tavalisest v\u00e4limusest? Hea uudis on see, et sul pole vaja osta uut k\u00e4ekotti, et muuta see pilkup\u00fc\u00fcdvalt stiilseks. V\u00f5ta appi kaelar\u00e4tik ja vaata, kuidas sinu k\u00e4ekott muutub hetkega p\u00f5nevaks ja t\u00e4helepanuv\u00e4\u00e4rseks aksessuaariks.<\/p>\n\n\n\n<p>Otsi v\u00e4lja oma ustav k\u00e4ekott, kes sinuga on k\u00e4inud koos nii kontoris, koolis, konverentsidel ja reisidel. Tuleb ju p\u00e4he see \u00fcks kindel kott? N\u00fc\u00fcd on aeg see sama kott, muuta uueks ja silmapaistvalt stiilseks. <\/p>\n\n\n\n<p>Siduda v\u00f5id kaelar\u00e4tiku t\u00e4pselt nii kuidas soovid, aga meie lemmik on keerata sall \u00fcmber koti n\u00f5nda, et salli kaks otsa j\u00e4\u00e4vad stiilselt lehvima. <\/p>\n\n\n\n<p>See vahva nipp annab sinu suurele k\u00e4ekotile uue hingamise ja muudab selle t\u00f5eliselt pilkup\u00fc\u00fcdvaks moeaksessuaariks. Kaelar\u00e4tik annab sinu kotile v\u00e4rvi ja isikup\u00e4ra ning r\u00f5hutab su stiilitunnetust.<\/p>\n<\/div>\n\n\n\n<div class=\"wp-block-column\">\n<figure class=\"wp-block-video\"><video controls src=\"https:\/\/www.sokisahtel.net\/blog\/wp-content\/uploads\/2023\/09\/9CFC7B85-29B2-46EA-8274-8C33F4E6F8FC.mov\"><\/video><\/figure>\n<\/div>\n<\/div>\n\n\n<h2 class=\"has-medium-font-size\" id=\"kuidas-kanda-kaelaratikut-topina\">Kuidas kanda kaelar\u00e4tikut topina?<\/h2>\n\n\n<div class=\"wp-block-columns\">\n<div class=\"wp-block-column\">\n<figure class=\"wp-block-video\"><video controls src=\"https:\/\/www.sokisahtel.net\/blog\/wp-content\/uploads\/2023\/09\/57F91B45-B11E-49EC-91D7-564507C829BF.mov\"><\/video><\/figure>\n<\/div>\n\n\n\n<div class=\"wp-block-column\">\n<p>Ja viimaseks midagi eriti julgetele! Selle trikiga saad oma garderoobi juurde stiilseid pluuse, mida s\u00f5pradega v\u00e4lja minnes kanda!  Lihtne viis j\u00e4lle midagi uut ja p\u00f5nevat oma v\u00e4limusele lisada! <\/p>\n\n\n\n<p>Esmalt keera kaelar\u00e4tik pooleks nii, et tekib elegantne kolmnurk. N\u00fc\u00fcd pane kolmnurga ots rinnale ja r\u00e4tiku otsad keera selja taha. Veendu, et r\u00e4tik istuks mugavalt ja saaksid liikuda mugavalt.<\/p>\n\n\n\n<p>Seo salli otsad selja taga kokku nii, et need moodustaksid stiilse topi. <\/p>\n\n\n\n<p>See stiilne trikk muudab sinu kaelar\u00e4tiku mitmek\u00fclgseks r\u00f5ivaelemendiks. See sobib ideaalselt nii teksade kui seelikuga ning lisab su riietusele koheselt erilise puudutuse.<\/p>\n\n\n\n<p>Tagasihoidlikumad sallid sobivad h\u00e4sti ka jakiga koos kandes kontorisse. Erksamad kaelar\u00e4tikud on aga ideaalsed, kui tahad olla <em>the fashionable friend<\/em>, s\u00f5pradega v\u00e4lja minnes!<\/p>\n<\/div>\n<\/div>\n\n\n<h2 class=\"has-medium-font-size\" id=\"kaelaratiku-lopmatud-voimalused\">Kaelar\u00e4tiku l\u00f5pmatud v\u00f5imalused<\/h2>\n\n\n<div class=\"wp-block-columns\">\n<div class=\"wp-block-column\">\n<p>Sokisahtli kaelar\u00e4tikud on n\u00f5nda mitmek\u00fclgsed ja v\u00e4rvikad, et v\u00f5imalusi nende kandmiseks on l\u00f5pmatult. Kas oled klassikalise \u00fcmber kaela lipsu f\u00e4nn, eelistad praktilist kaunistust oma kotile v\u00f5i proovid julgelt kaelar\u00e4tiku kanda hoopis topina &#8211; valik on sinu!<\/p>\n\n\n\n<p>Unusta igavus ja tavalisus, sest kaelar\u00e4tik on m\u00e4rk sellest, et iga pisidetail loeb. Leia endale sobivaim stiil, lase oma loovus valla ning m\u00e4ngi moemaailma reeglitega. Ning alati ei peagi poodi tormama, et uut pluusi v\u00f5i kotti osta, m\u00f5nikord piisab lihtsalt aksessuaaride lisamisest!<\/p>\n\n\n\n<p>Ja mis veelgi parem, kui otsid praktilist kingitust, siis \u00e4ra unusta, et kaelar\u00e4tik on t\u00e4iuslik kingitus, mis lisab stiili ja omap\u00e4ra! Olgu see kingitus sinu s\u00f5brale v\u00f5i endale, toob see kaasa s\u00e4ra ja r\u00f5\u00f5mu.<\/p>\n<\/div>\n\n\n\n<div class=\"wp-block-column\">\n<figure class=\"wp-block-image size-large\"><a href=\"sokisahtel.net\"><img width=\"768\" height=\"1024\" src=\"https:\/\/www.sokisahtel.net\/blog\/wp-content\/uploads\/2023\/09\/9944F3B5-2B1B-4E87-A019-7EA09F4F463E-768x1024.jpg\" alt=\"\" class=\"wp-image-5326\" srcset=\"https:\/\/www.sokisahtel.net\/blog\/wp-content\/uploads\/2023\/09\/9944F3B5-2B1B-4E87-A019-7EA09F4F463E-768x1024.jpg 768w, https:\/\/www.sokisahtel.net\/blog\/wp-content\/uploads\/2023\/09\/9944F3B5-2B1B-4E87-A019-7EA09F4F463E-225x300.jpg 225w, https:\/\/www.sokisahtel.net\/blog\/wp-content\/uploads\/2023\/09\/9944F3B5-2B1B-4E87-A019-7EA09F4F463E-1152x1536.jpg 1152w, https:\/\/www.sokisahtel.net\/blog\/wp-content\/uploads\/2023\/09\/9944F3B5-2B1B-4E87-A019-7EA09F4F463E-1536x2048.jpg 1536w, https:\/\/www.sokisahtel.net\/blog\/wp-content\/uploads\/2023\/09\/9944F3B5-2B1B-4E87-A019-7EA09F4F463E-scaled.jpg 1920w, https:\/\/www.sokisahtel.net\/blog\/wp-content\/uploads\/2023\/09\/9944F3B5-2B1B-4E87-A019-7EA09F4F463E-1440x1920.jpg 1440w, https:\/\/www.sokisahtel.net\/blog\/wp-content\/uploads\/2023\/09\/9944F3B5-2B1B-4E87-A019-7EA09F4F463E-1200x1600.jpg 1200w, https:\/\/www.sokisahtel.net\/blog\/wp-content\/uploads\/2023\/09\/9944F3B5-2B1B-4E87-A019-7EA09F4F463E-780x1040.jpg 780w, https:\/\/www.sokisahtel.net\/blog\/wp-content\/uploads\/2023\/09\/9944F3B5-2B1B-4E87-A019-7EA09F4F463E-600x800.jpg 600w, https:\/\/www.sokisahtel.net\/blog\/wp-content\/uploads\/2023\/09\/9944F3B5-2B1B-4E87-A019-7EA09F4F463E-550x733.jpg 550w, https:\/\/www.sokisahtel.net\/blog\/wp-content\/uploads\/2023\/09\/9944F3B5-2B1B-4E87-A019-7EA09F4F463E-370x493.jpg 370w, https:\/\/www.sokisahtel.net\/blog\/wp-content\/uploads\/2023\/09\/9944F3B5-2B1B-4E87-A019-7EA09F4F463E-255x340.jpg 255w\" sizes=\"(max-width: 768px) 100vw, 768px\" \/><\/a><\/figure>\n<\/div>\n<\/div>\n\n\n\n<p>Nii et olenemata sellest, kas otsid uut viisi oma stiili v\u00e4ljendamiseks v\u00f5i praktilist kingitust s\u00f5brannale, Sokisahtli kaelar\u00e4tikud on sinu loovuse ja stiili p\u00f5nev m\u00e4ngumaa! <\/p>\n\n\n\n<p>Lisaks \u00f5hematele kaelar\u00e4tikutele, leiad Sokisahtli valikust ka talveks loodud imesoojad <strong><a href=\"https:\/\/www.sokisahtel.net\/et\/kingitused\/sallid-ja-pleedid\">alpakavillased sallid ning pleedid. <\/a><\/strong><\/p>\n\n\n\n<div class=\"wp-block-buttons\">\n<div class=\"wp-block-button has-custom-width wp-block-button__width-100\"><a class=\"wp-block-button__link has-white-color has-vivid-red-background-color has-text-color has-background\" href=\"https:\/\/www.sokisahtel.net\/et\/kingitused\/sallid-ja-pleedid\/kaelaratikud\">Leia endale uus kaelasall SIIT<\/a><\/div>\n<\/div>\n","protected":false},"excerpt":{"rendered":"<p>S\u00fcgis on kiirelt k\u00e4tte j\u00f5udnud ja on aeg kaunistada oma garderoobi hooaja kuumima aksessuaariga: kaelar\u00e4tikuga. Tihtipeale m\u00f5eldakse, et kaelar\u00e4tik sobib vaid kaelas kandmiseks, kuid tegelikkuses on v\u00e4ga palju erinevaid viise, kuidas seda mitmek\u00fclgset aksessuaari enda riietuse juurde lisada. Ja n\u00f5nda oma riietust s\u00e4rtsakamaks muuta! Pealegi on s\u00fcgis ideaalne selleks, et katsetada erinevate uute outfitide ja [&hellip;]<\/p>\n","protected":false},"author":3,"featured_media":5634,"comment_status":"open","ping_status":"open","sticky":false,"template":"","format":"standard","meta":{"_monsterinsights_skip_tracking":false,"_monsterinsights_sitenote_active":false,"_monsterinsights_sitenote_note":"","_monsterinsights_sitenote_category":0,"loftocean_post_format_gallery":"","loftocean_post_format_gallery_ids":"","loftocean_post_format_gallery_urls":"","loftocean_post_format_video_id":0,"loftocean_post_format_video_url":"","loftocean_post_format_video_type":"","loftocean_post_format_video":"","loftocean_post_format_audio_type":"","loftocean_post_format_audio_url":"","loftocean_post_format_audio_id":0,"loftocean_post_format_audio":"","loftocean-featured-post":"","loftocean-like-count":0,"loftocean-view-count":11743,"tinysalt_single_post_intro_label":"","tinysalt_single_post_intro_description":"","tinysalt_hide_post_featured_image":"","tinysalt_post_featured_media_position":"","tinysalt_hide_before_page_content_ad":"","tinysalt_hide_after_page_content_ad":"","tinysalt_hide_page_header":"","tinysalt_advanced_classname":"","tinysalt_page_featured_media_position":""},"categories":[11],"tags":[],"yoast_head":"<!-- This site is optimized with the Yoast SEO Premium plugin v17.8 (Yoast SEO v17.8) - https:\/\/yoast.com\/wordpress\/plugins\/seo\/ -->\n<title>8 \u0161ikki ja mitmek\u00fclgset viisi kaelar\u00e4tiku kandmiseks - Sokisahtel blogi<\/title>\n<meta name=\"description\" content=\"S\u00fcgis on k\u00e4tte j\u00f5udnud ja on aeg kaunistada oma garderoobi hooaja kuumima aksessuaariga: kaelar\u00e4tikuga. Trikid, kuidas kanda kaelasalle!\" \/>\n<meta name=\"robots\" content=\"index, follow, max-snippet:-1, max-image-preview:large, max-video-preview:-1\" \/>\n<link rel=\"canonical\" href=\"https:\/\/www.sokisahtel.net\/blog\/8-sikki-ja-mitmekulgset-viisi-kaelaratiku-kandmiseks\/\" \/>\n<meta property=\"og:locale\" content=\"et_EE\" \/>\n<meta property=\"og:type\" content=\"article\" \/>\n<meta property=\"og:title\" content=\"8 \u0161ikki ja mitmek\u00fclgset viisi kaelar\u00e4tiku kandmiseks\" \/>\n<meta property=\"og:description\" content=\"S\u00fcgis on k\u00e4tte j\u00f5udnud ja on aeg kaunistada oma garderoobi hooaja kuumima aksessuaariga: kaelar\u00e4tikuga. Trikid, kuidas kanda kaelasalle!\" \/>\n<meta property=\"og:url\" content=\"https:\/\/www.sokisahtel.net\/blog\/8-sikki-ja-mitmekulgset-viisi-kaelaratiku-kandmiseks\/\" \/>\n<meta property=\"og:site_name\" content=\"Sokisahtel blogi\" \/>\n<meta property=\"article:publisher\" content=\"https:\/\/www.facebook.com\/Sokisahtel\" \/>\n<meta property=\"article:published_time\" content=\"2023-09-16T20:09:15+00:00\" \/>\n<meta property=\"article:modified_time\" content=\"2024-03-03T17:43:34+00:00\" \/>\n<meta property=\"og:image\" content=\"https:\/\/www.sokisahtel.net\/blog\/wp-content\/uploads\/2023\/09\/Blogipa\u0308is-1939x788-2-1024x416.png\" \/>\n\t<meta property=\"og:image:width\" content=\"1024\" \/>\n\t<meta property=\"og:image:height\" content=\"416\" \/>\n<meta name=\"twitter:card\" content=\"summary_large_image\" \/>\n<meta name=\"twitter:label1\" content=\"Written by\" \/>\n\t<meta name=\"twitter:data1\" content=\"Virtual Assistant\" \/>\n\t<meta name=\"twitter:label2\" content=\"Est. reading time\" \/>\n\t<meta name=\"twitter:data2\" content=\"8 minutit\" \/>\n<script type=\"application\/ld+json\" class=\"yoast-schema-graph\">{\"@context\":\"https:\/\/schema.org\",\"@graph\":[{\"@type\":\"Organization\",\"@id\":\"https:\/\/www.sokisahtel.net\/blog\/#organization\",\"name\":\"Sokisahtel\",\"url\":\"https:\/\/www.sokisahtel.net\/blog\/\",\"sameAs\":[\"https:\/\/www.facebook.com\/Sokisahtel\",\"https:\/\/www.instagram.com\/sokisahtel\/\"],\"logo\":{\"@type\":\"ImageObject\",\"@id\":\"https:\/\/www.sokisahtel.net\/blog\/#logo\",\"inLanguage\":\"et\",\"url\":\"https:\/\/www.sokisahtel.net\/blog\/wp-content\/uploads\/2021\/07\/Sokisahtel_punane_kirivalge.jpg\",\"contentUrl\":\"https:\/\/www.sokisahtel.net\/blog\/wp-content\/uploads\/2021\/07\/Sokisahtel_punane_kirivalge.jpg\",\"width\":1417,\"height\":709,\"caption\":\"Sokisahtel\"},\"image\":{\"@id\":\"https:\/\/www.sokisahtel.net\/blog\/#logo\"}},{\"@type\":\"WebSite\",\"@id\":\"https:\/\/www.sokisahtel.net\/blog\/#website\",\"url\":\"https:\/\/www.sokisahtel.net\/blog\/\",\"name\":\"Sokisahtel blogi\",\"description\":\"Sokisahtli sokijutud\",\"publisher\":{\"@id\":\"https:\/\/www.sokisahtel.net\/blog\/#organization\"},\"potentialAction\":[{\"@type\":\"SearchAction\",\"target\":{\"@type\":\"EntryPoint\",\"urlTemplate\":\"https:\/\/www.sokisahtel.net\/blog\/?s={search_term_string}\"},\"query-input\":\"required name=search_term_string\"}],\"inLanguage\":\"et\"},{\"@type\":\"ImageObject\",\"@id\":\"https:\/\/www.sokisahtel.net\/blog\/8-sikki-ja-mitmekulgset-viisi-kaelaratiku-kandmiseks\/#primaryimage\",\"inLanguage\":\"et\",\"url\":\"https:\/\/www.sokisahtel.net\/blog\/wp-content\/uploads\/2023\/09\/Blogipa\\u0308is-1939x788-2.png\",\"contentUrl\":\"https:\/\/www.sokisahtel.net\/blog\/wp-content\/uploads\/2023\/09\/Blogipa\\u0308is-1939x788-2.png\",\"width\":1939,\"height\":788},{\"@type\":\"WebPage\",\"@id\":\"https:\/\/www.sokisahtel.net\/blog\/8-sikki-ja-mitmekulgset-viisi-kaelaratiku-kandmiseks\/#webpage\",\"url\":\"https:\/\/www.sokisahtel.net\/blog\/8-sikki-ja-mitmekulgset-viisi-kaelaratiku-kandmiseks\/\",\"name\":\"8 \\u0161ikki ja mitmek\\u00fclgset viisi kaelar\\u00e4tiku kandmiseks - Sokisahtel blogi\",\"isPartOf\":{\"@id\":\"https:\/\/www.sokisahtel.net\/blog\/#website\"},\"primaryImageOfPage\":{\"@id\":\"https:\/\/www.sokisahtel.net\/blog\/8-sikki-ja-mitmekulgset-viisi-kaelaratiku-kandmiseks\/#primaryimage\"},\"datePublished\":\"2023-09-16T20:09:15+00:00\",\"dateModified\":\"2024-03-03T17:43:34+00:00\",\"description\":\"S\\u00fcgis on k\\u00e4tte j\\u00f5udnud ja on aeg kaunistada oma garderoobi hooaja kuumima aksessuaariga: kaelar\\u00e4tikuga. Trikid, kuidas kanda kaelasalle!\",\"breadcrumb\":{\"@id\":\"https:\/\/www.sokisahtel.net\/blog\/8-sikki-ja-mitmekulgset-viisi-kaelaratiku-kandmiseks\/#breadcrumb\"},\"inLanguage\":\"et\",\"potentialAction\":[{\"@type\":\"ReadAction\",\"target\":[\"https:\/\/www.sokisahtel.net\/blog\/8-sikki-ja-mitmekulgset-viisi-kaelaratiku-kandmiseks\/\"]}]},{\"@type\":\"BreadcrumbList\",\"@id\":\"https:\/\/www.sokisahtel.net\/blog\/8-sikki-ja-mitmekulgset-viisi-kaelaratiku-kandmiseks\/#breadcrumb\",\"itemListElement\":[{\"@type\":\"ListItem\",\"position\":1,\"name\":\"Back to homepage\",\"item\":\"https:\/\/www.sokisahtel.net\/blog\/\"},{\"@type\":\"ListItem\",\"position\":2,\"name\":\"8 \\u0161ikki ja mitmek\\u00fclgset viisi kaelar\\u00e4tiku kandmiseks\"}]},{\"@type\":\"Article\",\"@id\":\"https:\/\/www.sokisahtel.net\/blog\/8-sikki-ja-mitmekulgset-viisi-kaelaratiku-kandmiseks\/#article\",\"isPartOf\":{\"@id\":\"https:\/\/www.sokisahtel.net\/blog\/8-sikki-ja-mitmekulgset-viisi-kaelaratiku-kandmiseks\/#webpage\"},\"author\":{\"@id\":\"https:\/\/www.sokisahtel.net\/blog\/#\/schema\/person\/70da1b250de12616a0169525a38ec67b\"},\"headline\":\"8 \\u0161ikki ja mitmek\\u00fclgset viisi kaelar\\u00e4tiku kandmiseks\",\"datePublished\":\"2023-09-16T20:09:15+00:00\",\"dateModified\":\"2024-03-03T17:43:34+00:00\",\"mainEntityOfPage\":{\"@id\":\"https:\/\/www.sokisahtel.net\/blog\/8-sikki-ja-mitmekulgset-viisi-kaelaratiku-kandmiseks\/#webpage\"},\"wordCount\":1804,\"commentCount\":0,\"publisher\":{\"@id\":\"https:\/\/www.sokisahtel.net\/blog\/#organization\"},\"image\":{\"@id\":\"https:\/\/www.sokisahtel.net\/blog\/8-sikki-ja-mitmekulgset-viisi-kaelaratiku-kandmiseks\/#primaryimage\"},\"thumbnailUrl\":\"https:\/\/www.sokisahtel.net\/blog\/wp-content\/uploads\/2023\/09\/Blogipa\\u0308is-1939x788-2.png\",\"articleSection\":[\"Kingitused naistele\"],\"inLanguage\":\"et\",\"potentialAction\":[{\"@type\":\"CommentAction\",\"name\":\"Comment\",\"target\":[\"https:\/\/www.sokisahtel.net\/blog\/8-sikki-ja-mitmekulgset-viisi-kaelaratiku-kandmiseks\/#respond\"]}]},{\"@type\":\"Person\",\"@id\":\"https:\/\/www.sokisahtel.net\/blog\/#\/schema\/person\/70da1b250de12616a0169525a38ec67b\",\"name\":\"Virtual Assistant\",\"image\":{\"@type\":\"ImageObject\",\"@id\":\"https:\/\/www.sokisahtel.net\/blog\/#personlogo\",\"inLanguage\":\"et\",\"url\":\"https:\/\/secure.gravatar.com\/avatar\/be54580922a40e770850ffd908887520?s=96&d=mm&r=g\",\"contentUrl\":\"https:\/\/secure.gravatar.com\/avatar\/be54580922a40e770850ffd908887520?s=96&d=mm&r=g\",\"caption\":\"Virtual Assistant\"},\"url\":\"https:\/\/www.sokisahtel.net\/blog\/author\/virtual\/\"}]}<\/script>\n<!-- \/ Yoast SEO Premium plugin. -->","yoast_head_json":{"title":"8 \u0161ikki ja mitmek\u00fclgset viisi kaelar\u00e4tiku kandmiseks - Sokisahtel blogi","description":"S\u00fcgis on k\u00e4tte j\u00f5udnud ja on aeg kaunistada oma garderoobi hooaja kuumima aksessuaariga: kaelar\u00e4tikuga. Trikid, kuidas kanda kaelasalle!","robots":{"index":"index","follow":"follow","max-snippet":"max-snippet:-1","max-image-preview":"max-image-preview:large","max-video-preview":"max-video-preview:-1"},"canonical":"https:\/\/www.sokisahtel.net\/blog\/8-sikki-ja-mitmekulgset-viisi-kaelaratiku-kandmiseks\/","og_locale":"et_EE","og_type":"article","og_title":"8 \u0161ikki ja mitmek\u00fclgset viisi kaelar\u00e4tiku kandmiseks","og_description":"S\u00fcgis on k\u00e4tte j\u00f5udnud ja on aeg kaunistada oma garderoobi hooaja kuumima aksessuaariga: kaelar\u00e4tikuga. Trikid, kuidas kanda kaelasalle!","og_url":"https:\/\/www.sokisahtel.net\/blog\/8-sikki-ja-mitmekulgset-viisi-kaelaratiku-kandmiseks\/","og_site_name":"Sokisahtel blogi","article_publisher":"https:\/\/www.facebook.com\/Sokisahtel","article_published_time":"2023-09-16T20:09:15+00:00","article_modified_time":"2024-03-03T17:43:34+00:00","og_image":[{"width":1024,"height":416,"url":"https:\/\/www.sokisahtel.net\/blog\/wp-content\/uploads\/2023\/09\/Blogipa\u0308is-1939x788-2-1024x416.png","type":"image\/png"}],"twitter_card":"summary_large_image","twitter_misc":{"Written by":"Virtual Assistant","Est. reading time":"8 minutit"},"schema":{"@context":"https:\/\/schema.org","@graph":[{"@type":"Organization","@id":"https:\/\/www.sokisahtel.net\/blog\/#organization","name":"Sokisahtel","url":"https:\/\/www.sokisahtel.net\/blog\/","sameAs":["https:\/\/www.facebook.com\/Sokisahtel","https:\/\/www.instagram.com\/sokisahtel\/"],"logo":{"@type":"ImageObject","@id":"https:\/\/www.sokisahtel.net\/blog\/#logo","inLanguage":"et","url":"https:\/\/www.sokisahtel.net\/blog\/wp-content\/uploads\/2021\/07\/Sokisahtel_punane_kirivalge.jpg","contentUrl":"https:\/\/www.sokisahtel.net\/blog\/wp-content\/uploads\/2021\/07\/Sokisahtel_punane_kirivalge.jpg","width":1417,"height":709,"caption":"Sokisahtel"},"image":{"@id":"https:\/\/www.sokisahtel.net\/blog\/#logo"}},{"@type":"WebSite","@id":"https:\/\/www.sokisahtel.net\/blog\/#website","url":"https:\/\/www.sokisahtel.net\/blog\/","name":"Sokisahtel blogi","description":"Sokisahtli sokijutud","publisher":{"@id":"https:\/\/www.sokisahtel.net\/blog\/#organization"},"potentialAction":[{"@type":"SearchAction","target":{"@type":"EntryPoint","urlTemplate":"https:\/\/www.sokisahtel.net\/blog\/?s={search_term_string}"},"query-input":"required name=search_term_string"}],"inLanguage":"et"},{"@type":"ImageObject","@id":"https:\/\/www.sokisahtel.net\/blog\/8-sikki-ja-mitmekulgset-viisi-kaelaratiku-kandmiseks\/#primaryimage","inLanguage":"et","url":"https:\/\/www.sokisahtel.net\/blog\/wp-content\/uploads\/2023\/09\/Blogipa\u0308is-1939x788-2.png","contentUrl":"https:\/\/www.sokisahtel.net\/blog\/wp-content\/uploads\/2023\/09\/Blogipa\u0308is-1939x788-2.png","width":1939,"height":788},{"@type":"WebPage","@id":"https:\/\/www.sokisahtel.net\/blog\/8-sikki-ja-mitmekulgset-viisi-kaelaratiku-kandmiseks\/#webpage","url":"https:\/\/www.sokisahtel.net\/blog\/8-sikki-ja-mitmekulgset-viisi-kaelaratiku-kandmiseks\/","name":"8 \u0161ikki ja mitmek\u00fclgset viisi kaelar\u00e4tiku kandmiseks - Sokisahtel blogi","isPartOf":{"@id":"https:\/\/www.sokisahtel.net\/blog\/#website"},"primaryImageOfPage":{"@id":"https:\/\/www.sokisahtel.net\/blog\/8-sikki-ja-mitmekulgset-viisi-kaelaratiku-kandmiseks\/#primaryimage"},"datePublished":"2023-09-16T20:09:15+00:00","dateModified":"2024-03-03T17:43:34+00:00","description":"S\u00fcgis on k\u00e4tte j\u00f5udnud ja on aeg kaunistada oma garderoobi hooaja kuumima aksessuaariga: kaelar\u00e4tikuga. Trikid, kuidas kanda kaelasalle!","breadcrumb":{"@id":"https:\/\/www.sokisahtel.net\/blog\/8-sikki-ja-mitmekulgset-viisi-kaelaratiku-kandmiseks\/#breadcrumb"},"inLanguage":"et","potentialAction":[{"@type":"ReadAction","target":["https:\/\/www.sokisahtel.net\/blog\/8-sikki-ja-mitmekulgset-viisi-kaelaratiku-kandmiseks\/"]}]},{"@type":"BreadcrumbList","@id":"https:\/\/www.sokisahtel.net\/blog\/8-sikki-ja-mitmekulgset-viisi-kaelaratiku-kandmiseks\/#breadcrumb","itemListElement":[{"@type":"ListItem","position":1,"name":"Back to homepage","item":"https:\/\/www.sokisahtel.net\/blog\/"},{"@type":"ListItem","position":2,"name":"8 \u0161ikki ja mitmek\u00fclgset viisi kaelar\u00e4tiku kandmiseks"}]},{"@type":"Article","@id":"https:\/\/www.sokisahtel.net\/blog\/8-sikki-ja-mitmekulgset-viisi-kaelaratiku-kandmiseks\/#article","isPartOf":{"@id":"https:\/\/www.sokisahtel.net\/blog\/8-sikki-ja-mitmekulgset-viisi-kaelaratiku-kandmiseks\/#webpage"},"author":{"@id":"https:\/\/www.sokisahtel.net\/blog\/#\/schema\/person\/70da1b250de12616a0169525a38ec67b"},"headline":"8 \u0161ikki ja mitmek\u00fclgset viisi kaelar\u00e4tiku kandmiseks","datePublished":"2023-09-16T20:09:15+00:00","dateModified":"2024-03-03T17:43:34+00:00","mainEntityOfPage":{"@id":"https:\/\/www.sokisahtel.net\/blog\/8-sikki-ja-mitmekulgset-viisi-kaelaratiku-kandmiseks\/#webpage"},"wordCount":1804,"commentCount":0,"publisher":{"@id":"https:\/\/www.sokisahtel.net\/blog\/#organization"},"image":{"@id":"https:\/\/www.sokisahtel.net\/blog\/8-sikki-ja-mitmekulgset-viisi-kaelaratiku-kandmiseks\/#primaryimage"},"thumbnailUrl":"https:\/\/www.sokisahtel.net\/blog\/wp-content\/uploads\/2023\/09\/Blogipa\u0308is-1939x788-2.png","articleSection":["Kingitused naistele"],"inLanguage":"et","potentialAction":[{"@type":"CommentAction","name":"Comment","target":["https:\/\/www.sokisahtel.net\/blog\/8-sikki-ja-mitmekulgset-viisi-kaelaratiku-kandmiseks\/#respond"]}]},{"@type":"Person","@id":"https:\/\/www.sokisahtel.net\/blog\/#\/schema\/person\/70da1b250de12616a0169525a38ec67b","name":"Virtual Assistant","image":{"@type":"ImageObject","@id":"https:\/\/www.sokisahtel.net\/blog\/#personlogo","inLanguage":"et","url":"https:\/\/secure.gravatar.com\/avatar\/be54580922a40e770850ffd908887520?s=96&d=mm&r=g","contentUrl":"https:\/\/secure.gravatar.com\/avatar\/be54580922a40e770850ffd908887520?s=96&d=mm&r=g","caption":"Virtual Assistant"},"url":"https:\/\/www.sokisahtel.net\/blog\/author\/virtual\/"}]}},"_links":{"self":[{"href":"https:\/\/www.sokisahtel.net\/blog\/wp-json\/wp\/v2\/posts\/5257"}],"collection":[{"href":"https:\/\/www.sokisahtel.net\/blog\/wp-json\/wp\/v2\/posts"}],"about":[{"href":"https:\/\/www.sokisahtel.net\/blog\/wp-json\/wp\/v2\/types\/post"}],"author":[{"embeddable":true,"href":"https:\/\/www.sokisahtel.net\/blog\/wp-json\/wp\/v2\/users\/3"}],"replies":[{"embeddable":true,"href":"https:\/\/www.sokisahtel.net\/blog\/wp-json\/wp\/v2\/comments?post=5257"}],"version-history":[{"count":11,"href":"https:\/\/www.sokisahtel.net\/blog\/wp-json\/wp\/v2\/posts\/5257\/revisions"}],"predecessor-version":[{"id":5329,"href":"https:\/\/www.sokisahtel.net\/blog\/wp-json\/wp\/v2\/posts\/5257\/revisions\/5329"}],"wp:featuredmedia":[{"embeddable":true,"href":"https:\/\/www.sokisahtel.net\/blog\/wp-json\/wp\/v2\/media\/5634"}],"wp:attachment":[{"href":"https:\/\/www.sokisahtel.net\/blog\/wp-json\/wp\/v2\/media?parent=5257"}],"wp:term":[{"taxonomy":"category","embeddable":true,"href":"https:\/\/www.sokisahtel.net\/blog\/wp-json\/wp\/v2\/categories?post=5257"},{"taxonomy":"post_tag","embeddable":true,"href":"https:\/\/www.sokisahtel.net\/blog\/wp-json\/wp\/v2\/tags?post=5257"}],"curies":[{"name":"wp","href":"https:\/\/api.w.org\/{rel}","templated":true}]}}