{"id":583,"date":"2023-04-10T11:41:00","date_gmt":"2023-04-10T11:41:00","guid":{"rendered":"https:\/\/www.sokisahtel.net\/blog\/?p=583"},"modified":"2025-06-18T07:31:13","modified_gmt":"2025-06-18T07:31:13","slug":"pakendivaba-tellimine-massidesse-tule-proovi-ja-anna-marku-mis-asjast-arvad","status":"publish","type":"post","link":"https:\/\/www.sokisahtel.net\/blog\/pakendivaba-tellimine-massidesse-tule-proovi-ja-anna-marku-mis-asjast-arvad\/","title":{"rendered":"Pakendivaba tellimine massidesse! Tule proovi ja anna m\u00e4rku, mis asjast arvad!"},"content":{"rendered":"<ul class=\"simpletoc\">\n<li>\n<a class=\"smooth-scroll\" href=\"#kuidas-see-sokisahtli-pakendivaba-tellimine-toimib\">Kuidas see Sokisahtli pakendivaba tellimine toimib?<\/a><\/li><li>\n<a class=\"smooth-scroll\" href=\"#millised-need-pakendivabad-tellimused-siis-valja-naevad\">Millised need pakendivabad tellimused siis v\u00e4lja n\u00e4evad?<\/a>\n\t\t<ul><li>\n<a class=\"smooth-scroll\" href=\"#hmm-aga-kui-ma-ikka-tahan-tooteid-saada-pakendiga-mis-siis-saab\">Hmm, aga kui ma ikka tahan tooteid saada pakendiga, mis siis saab?<\/a><\/li><li>\n<a class=\"smooth-scroll\" href=\"#aga-kuidas-ma-tean-siis-et-millest-mu-pakendivaba-toode-koosneb-ja-kuidas-ma-teda-hooldada-saan\">Aga kuidas ma tean siis, et millest mu pakendivaba toode koosneb ja kuidas ma teda hooldada saan?<\/a><\/li><li>\n<a class=\"smooth-scroll\" href=\"#aga-lopmatuseni-ei-saa-pakendit-ju-kasutada-moni-laheb-katki-mis-siis-teete\">Aga l\u00f5pmatuseni ei saa pakendit ju kasutada, m\u00f5ni l\u00e4heb katki, mis siis teete?<\/a><\/li><li>\n<a class=\"smooth-scroll\" href=\"#aga-transpordipakendid\">Aga transpordipakendid?<\/a><\/li><\/ul>\n<\/li><li>\n<a class=\"smooth-scroll\" href=\"#pakendivaba-ja-keskkonnasobralik-ecocarenbsp\">Pakendivaba ja keskkonnas\u00f5bralik ECOCARE&nbsp;<\/a><\/li><li>\n<a class=\"smooth-scroll\" href=\"#aprill-22-on-maa-paev-mis-see-on-ja-miks-seda-tahistatakse\">Aprill 22 on Maa p\u00e4ev! Mis see on ja miks seda t\u00e4histatakse?<\/a><\/li><\/ul>\n\n\n<p>T\u00e4na r\u00e4\u00e4gime meie uuest algatusest- pakendivaba tellimine Sokisahtli e-poest. Oleme juba aastaid proovinud olla v\u00f5imalikult keskkonnateadlikud ning soovinud teha oma osa, et v\u00e4hendada tarbetut pakendij\u00e4\u00e4tmete hulka maailmas. <\/p>\n\n\n\n<p>Seet\u00f5ttu proovime koos teiega <strong>aprilli- ja maikuus<\/strong> sellist testperioodi, kus e-poest tellides on K\u00d5IK tooted pakendivabad. Katsetame koos teiega, kuidas see t\u00f6\u00f6tab ja kas edaspidi v\u00f5iks ka e-poes nii j\u00e4tkata.<\/p>\n\n\n<h2 class=\"has-medium-font-size\" id=\"kuidas-see-sokisahtli-pakendivaba-tellimine-toimib\"><strong>Kuidas see Sokisahtli pakendivaba tellimine toimib?<\/strong><\/h2>\n\n\n<p>Kui teete tellimuse meie e-poest, siis automaatselt on valituks pakendivaba tellimine. See t\u00e4hendab, et tellimust kokkupannes, eemaldame toote sildid ja suuname need kohe uuesti lattu, kus neid kasutatakse juba j\u00e4rgmistel toodetel. Ja see ongi nii &#8211; v\u00f5ime v\u00e4ikse saladuse ka reeta, kuidas vahet teed, kas pakend on juba mitmendat ringi kasutuses \ud83d\ude09 &#8211; nimelt laseme siltidele uue toote ribakoodi kleebised. Ja sellep\u00e4rast v\u00f5ibki sul sildil olla n\u00e4iteks 2 ribakoodi kleebist \u00fcksteise peal.<\/p>\n\n\n\n<p>Sokkide ja paksemate sukkp\u00fckstega on asi lihtne, musta v\u00e4rvi tootesilt Sokisahtli logoga l\u00e4heb uuesti kohe laos kasutusse ja siltidega tooted j\u00f5uavad meie poodidesse piikidesse rippuma ja ootama oma omanikku. Samuti on v\u00f5imalik ka poest ostes pakend juba poodi j\u00e4tta ja paljud meie kliendid seda v\u00f5imalust ka kasutavad.<\/p>\n\n\n\n<p>Natuke keerulisem on sukkade ja \u00f5rnade sukkp\u00fckstega. Nendega teeme nii, et eemaldame kile ja suuname selle uuesti kasutusele. J\u00e4tame \u00f5rna toote paberi vahele. Kui sa toote k\u00e4tte saad, siis on sul vaja paber ainult vanapaberi v\u00f5i pakendij\u00e4\u00e4tmete hulka panna ja j\u00e4lle v\u00e4ike asi tehtud.<\/p>\n\n\n\n<figure class=\"wp-block-video\"><video controls src=\"https:\/\/www.sokisahtel.net\/blog\/wp-content\/uploads\/2023\/04\/pakendivaba-est-sub.mp4\"><\/video><\/figure>\n\n\n<h2 class=\"has-text-align-center has-medium-font-size\" id=\"millised-need-pakendivabad-tellimused-siis-valja-naevad\"><strong>Millised need pakendivabad tellimused siis v\u00e4lja n\u00e4evad?<\/strong><\/h2>\n\n\n<div class=\"wp-block-columns\">\n<div class=\"wp-block-column\">\n<figure class=\"wp-block-image size-large\"><a href=\"https:\/\/www.sokisahtel.net\/et\/uued-tooted\" target=\"_blank\" rel=\"noopener\"><img width=\"1000\" height=\"1000\" src=\"https:\/\/www.sokisahtel.net\/blog\/wp-content\/uploads\/2025\/06\/399e91f2-4258-4e5b-bce6-2587c553ad7f.png\" alt=\"FOX sokid pakendiga\" class=\"wp-image-7167\" title=\"sokisahtel-fox-puuvillased-sokid\" srcset=\"https:\/\/www.sokisahtel.net\/blog\/wp-content\/uploads\/2025\/06\/399e91f2-4258-4e5b-bce6-2587c553ad7f.png 1000w, https:\/\/www.sokisahtel.net\/blog\/wp-content\/uploads\/2025\/06\/399e91f2-4258-4e5b-bce6-2587c553ad7f-300x300.png 300w, https:\/\/www.sokisahtel.net\/blog\/wp-content\/uploads\/2025\/06\/399e91f2-4258-4e5b-bce6-2587c553ad7f-150x150.png 150w, https:\/\/www.sokisahtel.net\/blog\/wp-content\/uploads\/2025\/06\/399e91f2-4258-4e5b-bce6-2587c553ad7f-768x768.png 768w, https:\/\/www.sokisahtel.net\/blog\/wp-content\/uploads\/2025\/06\/399e91f2-4258-4e5b-bce6-2587c553ad7f-780x780.png 780w, https:\/\/www.sokisahtel.net\/blog\/wp-content\/uploads\/2025\/06\/399e91f2-4258-4e5b-bce6-2587c553ad7f-600x600.png 600w, https:\/\/www.sokisahtel.net\/blog\/wp-content\/uploads\/2025\/06\/399e91f2-4258-4e5b-bce6-2587c553ad7f-550x550.png 550w, https:\/\/www.sokisahtel.net\/blog\/wp-content\/uploads\/2025\/06\/399e91f2-4258-4e5b-bce6-2587c553ad7f-370x370.png 370w, https:\/\/www.sokisahtel.net\/blog\/wp-content\/uploads\/2025\/06\/399e91f2-4258-4e5b-bce6-2587c553ad7f-255x255.png 255w\" sizes=\"(max-width: 1000px) 100vw, 1000px\" \/><\/a><\/figure>\n\n\n\n<p class=\"has-text-align-left\" id=\"h-fox-sokid-pakendiga\">Sokkidel on plastikkonks ja paberpakend. Eemaldamisel palun pane pakendikonteinerisse, et pakend j\u00f5uaks taaskasutusse!<\/p>\n<\/div>\n\n\n\n<div class=\"wp-block-column\">\n<figure class=\"wp-block-image size-large\"><a href=\"https:\/\/www.sokisahtel.net\/et\/uued-tooted\" target=\"_blank\" rel=\"noopener\"><img width=\"1000\" height=\"1000\" src=\"https:\/\/www.sokisahtel.net\/blog\/wp-content\/uploads\/2025\/06\/63b24430-d9e1-4117-b344-ee183367d07e.png\" alt=\"FOX sokid pakendivaba\" class=\"wp-image-7168\" title=\"sokisahtel-fox-puuvillased-sokid\" srcset=\"https:\/\/www.sokisahtel.net\/blog\/wp-content\/uploads\/2025\/06\/63b24430-d9e1-4117-b344-ee183367d07e.png 1000w, https:\/\/www.sokisahtel.net\/blog\/wp-content\/uploads\/2025\/06\/63b24430-d9e1-4117-b344-ee183367d07e-300x300.png 300w, https:\/\/www.sokisahtel.net\/blog\/wp-content\/uploads\/2025\/06\/63b24430-d9e1-4117-b344-ee183367d07e-150x150.png 150w, https:\/\/www.sokisahtel.net\/blog\/wp-content\/uploads\/2025\/06\/63b24430-d9e1-4117-b344-ee183367d07e-768x768.png 768w, https:\/\/www.sokisahtel.net\/blog\/wp-content\/uploads\/2025\/06\/63b24430-d9e1-4117-b344-ee183367d07e-780x780.png 780w, https:\/\/www.sokisahtel.net\/blog\/wp-content\/uploads\/2025\/06\/63b24430-d9e1-4117-b344-ee183367d07e-600x600.png 600w, https:\/\/www.sokisahtel.net\/blog\/wp-content\/uploads\/2025\/06\/63b24430-d9e1-4117-b344-ee183367d07e-550x550.png 550w, https:\/\/www.sokisahtel.net\/blog\/wp-content\/uploads\/2025\/06\/63b24430-d9e1-4117-b344-ee183367d07e-370x370.png 370w, https:\/\/www.sokisahtel.net\/blog\/wp-content\/uploads\/2025\/06\/63b24430-d9e1-4117-b344-ee183367d07e-255x255.png 255w\" sizes=\"(max-width: 1000px) 100vw, 1000px\" \/><\/a><\/figure>\n\n\n\n<p>Toode tuleb pakendivabalt. Paberkartong, plastikkonks ja pabersilt on juba uuesti kasutuses.<\/p>\n<\/div>\n<\/div>\n\n\n\n<div class=\"wp-block-columns\">\n<div class=\"wp-block-column\">\n<figure class=\"wp-block-image size-large\"><a href=\"https:\/\/www.sokisahtel.net\/et\/naistele\/naiste-sukkpuksid\/70-100-den-sukkpuksid\" target=\"_blank\" rel=\"noopener\"><img width=\"1000\" height=\"1000\" src=\"https:\/\/www.sokisahtel.net\/blog\/wp-content\/uploads\/2025\/06\/53f71275-bb66-4bdf-904f-281eed1a08ce.png\" alt=\"Sukkp\u00fcksid pakendiga\" class=\"wp-image-7169\" title=\"Sokisahtel-nadia-20den-nahatooni-sukkpuksid-naistele\" srcset=\"https:\/\/www.sokisahtel.net\/blog\/wp-content\/uploads\/2025\/06\/53f71275-bb66-4bdf-904f-281eed1a08ce.png 1000w, https:\/\/www.sokisahtel.net\/blog\/wp-content\/uploads\/2025\/06\/53f71275-bb66-4bdf-904f-281eed1a08ce-300x300.png 300w, https:\/\/www.sokisahtel.net\/blog\/wp-content\/uploads\/2025\/06\/53f71275-bb66-4bdf-904f-281eed1a08ce-150x150.png 150w, https:\/\/www.sokisahtel.net\/blog\/wp-content\/uploads\/2025\/06\/53f71275-bb66-4bdf-904f-281eed1a08ce-768x768.png 768w, https:\/\/www.sokisahtel.net\/blog\/wp-content\/uploads\/2025\/06\/53f71275-bb66-4bdf-904f-281eed1a08ce-780x780.png 780w, https:\/\/www.sokisahtel.net\/blog\/wp-content\/uploads\/2025\/06\/53f71275-bb66-4bdf-904f-281eed1a08ce-600x600.png 600w, https:\/\/www.sokisahtel.net\/blog\/wp-content\/uploads\/2025\/06\/53f71275-bb66-4bdf-904f-281eed1a08ce-550x550.png 550w, https:\/\/www.sokisahtel.net\/blog\/wp-content\/uploads\/2025\/06\/53f71275-bb66-4bdf-904f-281eed1a08ce-370x370.png 370w, https:\/\/www.sokisahtel.net\/blog\/wp-content\/uploads\/2025\/06\/53f71275-bb66-4bdf-904f-281eed1a08ce-255x255.png 255w\" sizes=\"(max-width: 1000px) 100vw, 1000px\" \/><\/a><\/figure>\n\n\n\n<p>Sukkp\u00fckstel on \u00fcmber kilepakend, paber\u00fcmbris ja sisemine papp.&nbsp;Pane need palun pakendikonteinerisse, et j\u00f5uaksid&nbsp;\u00fcmbert\u00f6\u00f6tlemisele!<\/p>\n<\/div>\n\n\n\n<div class=\"wp-block-column\">\n<figure class=\"wp-block-image size-large\"><a href=\"https:\/\/www.sokisahtel.net\/et\/naistele\/naiste-sukkpuksid\/70-100-den-sukkpuksid\" target=\"_blank\" rel=\"noopener\"><img width=\"1000\" height=\"1000\" src=\"https:\/\/www.sokisahtel.net\/blog\/wp-content\/uploads\/2025\/06\/3a3ca84d-a033-4409-9dce-e5fc31b29459.png\" alt=\"Sukkp\u00fcksid pakendivaba\" class=\"wp-image-7170\" title=\"sokisahtel-nadia-20den-nahatooni-sukkpuksid-naistele\" srcset=\"https:\/\/www.sokisahtel.net\/blog\/wp-content\/uploads\/2025\/06\/3a3ca84d-a033-4409-9dce-e5fc31b29459.png 1000w, https:\/\/www.sokisahtel.net\/blog\/wp-content\/uploads\/2025\/06\/3a3ca84d-a033-4409-9dce-e5fc31b29459-300x300.png 300w, https:\/\/www.sokisahtel.net\/blog\/wp-content\/uploads\/2025\/06\/3a3ca84d-a033-4409-9dce-e5fc31b29459-150x150.png 150w, https:\/\/www.sokisahtel.net\/blog\/wp-content\/uploads\/2025\/06\/3a3ca84d-a033-4409-9dce-e5fc31b29459-768x768.png 768w, https:\/\/www.sokisahtel.net\/blog\/wp-content\/uploads\/2025\/06\/3a3ca84d-a033-4409-9dce-e5fc31b29459-780x780.png 780w, https:\/\/www.sokisahtel.net\/blog\/wp-content\/uploads\/2025\/06\/3a3ca84d-a033-4409-9dce-e5fc31b29459-600x600.png 600w, https:\/\/www.sokisahtel.net\/blog\/wp-content\/uploads\/2025\/06\/3a3ca84d-a033-4409-9dce-e5fc31b29459-550x550.png 550w, https:\/\/www.sokisahtel.net\/blog\/wp-content\/uploads\/2025\/06\/3a3ca84d-a033-4409-9dce-e5fc31b29459-370x370.png 370w, https:\/\/www.sokisahtel.net\/blog\/wp-content\/uploads\/2025\/06\/3a3ca84d-a033-4409-9dce-e5fc31b29459-255x255.png 255w\" sizes=\"(max-width: 1000px) 100vw, 1000px\" \/><\/a><\/figure>\n\n\n\n<p>Toode tuleb paber\u00fcmbrises, kuna tegemist on \u00f5rna 20DEN&nbsp;sukkp\u00fcksipaariga. Pane paber\u00fcmbris ja sisemine papp vanapaberi kogumiskohta. Sisemist pappi saad kasutada m\u00e4rkmepaberina.<\/p>\n<\/div>\n<\/div>\n\n\n\n<div class=\"wp-block-columns\">\n<div class=\"wp-block-column\">\n<figure class=\"wp-block-image size-large\"><a href=\"https:\/\/www.sokisahtel.net\/et\/naistele\/naiste-sukkpuksid\/8-30-den-sukkpuksid\" target=\"_blank\" rel=\"noopener\"><img width=\"1000\" height=\"1000\" src=\"https:\/\/www.sokisahtel.net\/blog\/wp-content\/uploads\/2025\/06\/97949549-cc44-4f96-956b-477c87498198.png\" alt=\"\u00d5hukesed sukkp\u00fcksid pakendiga\" class=\"wp-image-7171\" title=\"sokisahtel-joelle-mustad-60den-naiste-sukkpuksid\" srcset=\"https:\/\/www.sokisahtel.net\/blog\/wp-content\/uploads\/2025\/06\/97949549-cc44-4f96-956b-477c87498198.png 1000w, https:\/\/www.sokisahtel.net\/blog\/wp-content\/uploads\/2025\/06\/97949549-cc44-4f96-956b-477c87498198-300x300.png 300w, https:\/\/www.sokisahtel.net\/blog\/wp-content\/uploads\/2025\/06\/97949549-cc44-4f96-956b-477c87498198-150x150.png 150w, https:\/\/www.sokisahtel.net\/blog\/wp-content\/uploads\/2025\/06\/97949549-cc44-4f96-956b-477c87498198-768x768.png 768w, https:\/\/www.sokisahtel.net\/blog\/wp-content\/uploads\/2025\/06\/97949549-cc44-4f96-956b-477c87498198-780x780.png 780w, https:\/\/www.sokisahtel.net\/blog\/wp-content\/uploads\/2025\/06\/97949549-cc44-4f96-956b-477c87498198-600x600.png 600w, https:\/\/www.sokisahtel.net\/blog\/wp-content\/uploads\/2025\/06\/97949549-cc44-4f96-956b-477c87498198-550x550.png 550w, https:\/\/www.sokisahtel.net\/blog\/wp-content\/uploads\/2025\/06\/97949549-cc44-4f96-956b-477c87498198-370x370.png 370w, https:\/\/www.sokisahtel.net\/blog\/wp-content\/uploads\/2025\/06\/97949549-cc44-4f96-956b-477c87498198-255x255.png 255w\" sizes=\"(max-width: 1000px) 100vw, 1000px\" \/><\/a><\/figure>\n\n\n\n<p>Sukkp\u00fckstel on \u00fcmber paberpakend. Pane see palun pakendikonteinerisse, et j\u00f5uaks \u00fcmbert\u00f6\u00f6tlemisele!<\/p>\n<\/div>\n\n\n\n<div class=\"wp-block-column\">\n<figure class=\"wp-block-image size-large\"><a href=\"https:\/\/www.sokisahtel.net\/et\/naistele\/naiste-sukkpuksid\/8-30-den-sukkpuksid\" target=\"_blank\" rel=\"noopener\"><img width=\"1000\" height=\"1000\" src=\"https:\/\/www.sokisahtel.net\/blog\/wp-content\/uploads\/2025\/06\/a6b84c11-466d-433c-91b7-a254343a9cd2.png\" alt=\"\u00d5hukesed sukkp\u00fcksid pakendivaba\" class=\"wp-image-7173\" title=\"sokisahtel-joelle-mustad-60den-naiste-sukkpuksid\" srcset=\"https:\/\/www.sokisahtel.net\/blog\/wp-content\/uploads\/2025\/06\/a6b84c11-466d-433c-91b7-a254343a9cd2.png 1000w, https:\/\/www.sokisahtel.net\/blog\/wp-content\/uploads\/2025\/06\/a6b84c11-466d-433c-91b7-a254343a9cd2-300x300.png 300w, https:\/\/www.sokisahtel.net\/blog\/wp-content\/uploads\/2025\/06\/a6b84c11-466d-433c-91b7-a254343a9cd2-150x150.png 150w, https:\/\/www.sokisahtel.net\/blog\/wp-content\/uploads\/2025\/06\/a6b84c11-466d-433c-91b7-a254343a9cd2-768x768.png 768w, https:\/\/www.sokisahtel.net\/blog\/wp-content\/uploads\/2025\/06\/a6b84c11-466d-433c-91b7-a254343a9cd2-780x780.png 780w, https:\/\/www.sokisahtel.net\/blog\/wp-content\/uploads\/2025\/06\/a6b84c11-466d-433c-91b7-a254343a9cd2-600x600.png 600w, https:\/\/www.sokisahtel.net\/blog\/wp-content\/uploads\/2025\/06\/a6b84c11-466d-433c-91b7-a254343a9cd2-550x550.png 550w, https:\/\/www.sokisahtel.net\/blog\/wp-content\/uploads\/2025\/06\/a6b84c11-466d-433c-91b7-a254343a9cd2-370x370.png 370w, https:\/\/www.sokisahtel.net\/blog\/wp-content\/uploads\/2025\/06\/a6b84c11-466d-433c-91b7-a254343a9cd2-255x255.png 255w\" sizes=\"(max-width: 1000px) 100vw, 1000px\" \/><\/a><\/figure>\n\n\n\n<p>Pakendivaba toode tuleb ilma pakendita. Kuna tegemist on 60DEN tugevamat sorti sukkp\u00fcksipaariga, ei ole pakendit ega kartongi toeks vaja! Pakend on juba uuesti kasutuses.<\/p>\n<\/div>\n<\/div>\n\n\n\n<figure class=\"wp-block-image size-large\"><img width=\"1024\" height=\"853\" src=\"https:\/\/www.sokisahtel.net\/blog\/wp-content\/uploads\/2023\/04\/488785a4-9c8b-438d-a454-1629f0792608-1-1024x853.png\" alt=\"\" class=\"wp-image-7151\" title=\"Pakendivaba\" srcset=\"https:\/\/www.sokisahtel.net\/blog\/wp-content\/uploads\/2023\/04\/488785a4-9c8b-438d-a454-1629f0792608-1-1024x853.png 1024w, https:\/\/www.sokisahtel.net\/blog\/wp-content\/uploads\/2023\/04\/488785a4-9c8b-438d-a454-1629f0792608-1-300x250.png 300w, https:\/\/www.sokisahtel.net\/blog\/wp-content\/uploads\/2023\/04\/488785a4-9c8b-438d-a454-1629f0792608-1-768x640.png 768w, https:\/\/www.sokisahtel.net\/blog\/wp-content\/uploads\/2023\/04\/488785a4-9c8b-438d-a454-1629f0792608-1-780x650.png 780w, https:\/\/www.sokisahtel.net\/blog\/wp-content\/uploads\/2023\/04\/488785a4-9c8b-438d-a454-1629f0792608-1-600x500.png 600w, https:\/\/www.sokisahtel.net\/blog\/wp-content\/uploads\/2023\/04\/488785a4-9c8b-438d-a454-1629f0792608-1-550x458.png 550w, https:\/\/www.sokisahtel.net\/blog\/wp-content\/uploads\/2023\/04\/488785a4-9c8b-438d-a454-1629f0792608-1-370x308.png 370w, https:\/\/www.sokisahtel.net\/blog\/wp-content\/uploads\/2023\/04\/488785a4-9c8b-438d-a454-1629f0792608-1-255x213.png 255w, https:\/\/www.sokisahtel.net\/blog\/wp-content\/uploads\/2023\/04\/488785a4-9c8b-438d-a454-1629f0792608-1.png 1200w\" sizes=\"(max-width: 1024px) 100vw, 1024px\" \/><\/figure>\n\n\n\n<p>Kui sul tekkis veel k\u00fcsimusi, siis kirjuta meile epoodi <a href=\"mailto:epood@sokisahtel.net\">epood@sokisahtel.net<\/a> v\u00f5i helista t\u00f6\u00f6p\u00e4eviti E-R 9-17, tel +372 555 10 994<\/p>\n\n\n\n<p>Ja veel. Kui saadame sulle paki, siis v\u00f5imalusel taaskasutame transpordipakendeid. Samuti kui saad meilt karbi v\u00f5i kasti v\u00f5i koti &#8211; tee see lahti ja kui vaja m\u00f5nda pakki saata, saad sedagi uuesti kasutada.<\/p>\n\n\n\n<p>Kilepakendid tasub ilusti k\u00e4\u00e4ridega lahti l\u00f5igata ja saad ka kilepakendit uuesti n\u00e4iteks raamatu v\u00f5i \u0161okolaadi s\u00f5brale saatmise jaoks kasutada. Taaskasutamine on moes ja \u00fcha rohkem moodi l\u00e4heb. K\u00e4ime siis trendidega kaasas ja hoiame maakera puhtamana!<\/p>\n\n\n<h3 id=\"hmm-aga-kui-ma-ikka-tahan-tooteid-saada-pakendiga-mis-siis-saab\" style=\"font-size:18px\">Hmm, aga kui ma ikka tahan tooteid saada pakendiga, mis siis saab?<\/h3>\n\n\n<p>Alates 22. aprill saadame k\u00f5ik Sokisahtli e-poe tellimused pakendivabalt. Kui aga soov kindlasti pakendit soki v\u00f5i sukapaari \u00fcmber saada, saad sellekohase <strong>m\u00e4rke tellides teha<\/strong> ja k\u00f5ik tuleb ilusti pakendites, valmis n\u00e4iteks kinkimiseks.<\/p>\n\n\n<h3 style=\"font-size:18px\" id=\"aga-kuidas-ma-tean-siis-et-millest-mu-pakendivaba-toode-koosneb-ja-kuidas-ma-teda-hooldada-saan\">Aga kuidas ma tean siis, et millest mu pakendivaba toode koosneb ja kuidas ma teda hooldada saan?<\/h3>\n\n\n<p>Sokkide ja sukkade puhul on asi hooldamises ja pesemises palju lihtsam kui \u00f5rnade sviitrite, kallite kasukate v\u00f5i muude tekstiiltoodete puhul. Loomulikult on k\u00f5ige parem \u00f5rnasid tooteid pesta k\u00e4sitsi (n\u00e4iteks sukad, \u00f5hukesed sukkp\u00fcksid) v\u00f5i siis pesukotis ja k\u00e4sipesuprogrammiga.<\/p>\n\n\n\n<p>Sokkide puhul on samuti hea, kui pesed k\u00e4sipesuprogrammiga ja kuni 30-kraadise tempereatuuriga. Seda eriti meriino, angoora ja alpakavillaste toodete puhul, mis soojema veega pestes v\u00f5ivad kokku t\u00f5mmata. Hooldusjuhendi leiad meie kodulehelt <a href=\"https:\/\/www.sokisahtel.net\/blog\/suuruste-tabel-ja-nouanded-kuidas-hooldada-soki-ning-sukatooteid\/\">SIIT<\/a>. Ja toote koostis on alati tootelehel kirjelduse juures olemas.<\/p>\n\n\n<h3 style=\"font-size:18px\" id=\"aga-lopmatuseni-ei-saa-pakendit-ju-kasutada-moni-laheb-katki-mis-siis-teete\">Aga l\u00f5pmatuseni ei saa pakendit ju kasutada, m\u00f5ni l\u00e4heb katki, mis siis teete?<\/h3>\n\n\n<p>Jah nii on. Meil on endal siin rekord, et k\u00f5ige rohkem oleme saanud sokisilti kasutada lausa 5 korda &#8211; muudkui tuleb ja tuleb poest tagasi. Aga t\u00f5si ta on, et sildid kuluvad ja pakendit saab korduvalt kasutada enamikel juhtudel 2-3 korda. Mittekasutusk\u00f5lblikud sildid korjame kokku ja suuname \u00fcmbert\u00f6\u00f6deldavatesse pakendij\u00e4\u00e4tmetesse.<\/p>\n\n\n\n<figure class=\"wp-block-image size-large\"><img width=\"1024\" height=\"853\" src=\"https:\/\/www.sokisahtel.net\/blog\/wp-content\/uploads\/2025\/06\/e394bc25-f78c-4b70-af2e-5c4869f32cd3-1024x853.png\" alt=\"\" class=\"wp-image-7153\" title=\"Pakendivaba\" srcset=\"https:\/\/www.sokisahtel.net\/blog\/wp-content\/uploads\/2025\/06\/e394bc25-f78c-4b70-af2e-5c4869f32cd3-1024x853.png 1024w, https:\/\/www.sokisahtel.net\/blog\/wp-content\/uploads\/2025\/06\/e394bc25-f78c-4b70-af2e-5c4869f32cd3-300x250.png 300w, https:\/\/www.sokisahtel.net\/blog\/wp-content\/uploads\/2025\/06\/e394bc25-f78c-4b70-af2e-5c4869f32cd3-768x640.png 768w, https:\/\/www.sokisahtel.net\/blog\/wp-content\/uploads\/2025\/06\/e394bc25-f78c-4b70-af2e-5c4869f32cd3-780x650.png 780w, https:\/\/www.sokisahtel.net\/blog\/wp-content\/uploads\/2025\/06\/e394bc25-f78c-4b70-af2e-5c4869f32cd3-600x500.png 600w, https:\/\/www.sokisahtel.net\/blog\/wp-content\/uploads\/2025\/06\/e394bc25-f78c-4b70-af2e-5c4869f32cd3-550x458.png 550w, https:\/\/www.sokisahtel.net\/blog\/wp-content\/uploads\/2025\/06\/e394bc25-f78c-4b70-af2e-5c4869f32cd3-370x308.png 370w, https:\/\/www.sokisahtel.net\/blog\/wp-content\/uploads\/2025\/06\/e394bc25-f78c-4b70-af2e-5c4869f32cd3-255x213.png 255w, https:\/\/www.sokisahtel.net\/blog\/wp-content\/uploads\/2025\/06\/e394bc25-f78c-4b70-af2e-5c4869f32cd3.png 1200w\" sizes=\"(max-width: 1024px) 100vw, 1024px\" \/><\/figure>\n\n\n<h3 id=\"aga-transpordipakendid\" style=\"font-size:18px\"><br>Aga transpordipakendid?<\/h3>\n\n\n<p>Transpordipakendites kasutame papp- ja paberpakendeid, mida saad panna paberi ja papi kogumiskonteinerisse. Samuti kasutame bioloogiliselt lagunevaid kile\u00fcmbriseid, kuid seda \u00fcldjuhul siis, kui pakk on tellitud pakiautomaati. Biolagunevad kile\u00fcmbrised saad panna pakendikonteinerisse. Poodi tellides saad \u00fcldjuhul paki paberkotis.<\/p>\n\n\n\n<p>Pakendid, millega e-poe kaup saabub, saad tasuta viia pakendite kogumispunkti. Vaata asukohti siit: <a href=\"https:\/\/kuhuviia.ee\/\" target=\"_blank\" rel=\"noreferrer noopener\">www.kuhuviia.ee<\/a><\/p>\n\n\n<h2 class=\"has-medium-font-size\" id=\"pakendivaba-ja-keskkonnasobralik-ecocarenbsp\"><strong>Pakendivaba ja keskkonnas\u00f5bralik ECOCARE <\/strong><\/h2>\n\n\n<p>Pakendivaba ost ei ole ainukene viis, kuidas saaksid toetada Eesti j\u00e4tkusuutlikust. Meiega koos saad veel loodust ja \u00fcmbritsevat hoida kandes&nbsp;meie NILIT\u00ae Ecocare kollektsiooni tooteid.&nbsp;Need on toodetud taaskasutatud nailonj\u00e4\u00e4kidest, mille tootmisel s\u00e4\u00e4stetakse nii materjali kui resursse. <\/p>\n\n\n\n<p>Palju siis materjali ja vett s\u00e4\u00e4stetakse, tekib k\u00fcsimus? Siin m\u00f5ned numbrid mis on 1 tonni niidi kohta s\u00e4\u00e4stetud ressursid. Energiat s\u00e4\u00e4stetaks 6194 kw tonni kohta ehkt 87.6% v\u00e4hem kogu tootmisprotsessi kestel, vett 18 kuupmeetrit tonni kohta ja kokkuv\u00f5ttes kulub 55% v\u00e4heb ressursse tootmisele. Ecocare kohta saad&nbsp;rohkem lugeda <strong><a href=\"https:\/\/www.sokisahtel.net\/et\/blog\/ecocare\/\" target=\"_blank\" rel=\"noreferrer noopener\">siit<\/a>.<\/strong><\/p>\n\n\n\n<div class=\"wp-block-buttons\">\n<div class=\"wp-block-button has-custom-width wp-block-button__width-100\"><a class=\"wp-block-button__link has-white-color has-vivid-red-background-color has-text-color has-background\" href=\"https:\/\/www.sokisahtel.net\/et\/kollektsioonid\/keskkonnasobralik\" target=\"_blank\" rel=\"noreferrer noopener\"><strong>VAATA MEIE KESKKONNAS\u00d5BRALLIKU SARJA SIIT<\/strong><\/a><\/div>\n<\/div>\n\n\n\n<figure class=\"wp-block-image size-large\"><img width=\"1024\" height=\"576\" src=\"https:\/\/www.sokisahtel.net\/blog\/wp-content\/uploads\/2025\/06\/7d94afc2-274d-4ffa-a80b-2bd6d7ea9407-1024x576.jpeg\" alt=\"\" class=\"wp-image-7154\" title=\"Sokisahtel ECOCARE keskkonnas\u00f5bralik kollektsioon\" srcset=\"https:\/\/www.sokisahtel.net\/blog\/wp-content\/uploads\/2025\/06\/7d94afc2-274d-4ffa-a80b-2bd6d7ea9407-1024x576.jpeg 1024w, https:\/\/www.sokisahtel.net\/blog\/wp-content\/uploads\/2025\/06\/7d94afc2-274d-4ffa-a80b-2bd6d7ea9407-300x169.jpeg 300w, https:\/\/www.sokisahtel.net\/blog\/wp-content\/uploads\/2025\/06\/7d94afc2-274d-4ffa-a80b-2bd6d7ea9407-768x432.jpeg 768w, https:\/\/www.sokisahtel.net\/blog\/wp-content\/uploads\/2025\/06\/7d94afc2-274d-4ffa-a80b-2bd6d7ea9407-1536x864.jpeg 1536w, https:\/\/www.sokisahtel.net\/blog\/wp-content\/uploads\/2025\/06\/7d94afc2-274d-4ffa-a80b-2bd6d7ea9407-2048x1152.jpeg 2048w, https:\/\/www.sokisahtel.net\/blog\/wp-content\/uploads\/2025\/06\/7d94afc2-274d-4ffa-a80b-2bd6d7ea9407-1920x1080.jpeg 1920w, https:\/\/www.sokisahtel.net\/blog\/wp-content\/uploads\/2025\/06\/7d94afc2-274d-4ffa-a80b-2bd6d7ea9407-1440x810.jpeg 1440w, https:\/\/www.sokisahtel.net\/blog\/wp-content\/uploads\/2025\/06\/7d94afc2-274d-4ffa-a80b-2bd6d7ea9407-1200x675.jpeg 1200w, https:\/\/www.sokisahtel.net\/blog\/wp-content\/uploads\/2025\/06\/7d94afc2-274d-4ffa-a80b-2bd6d7ea9407-780x439.jpeg 780w, https:\/\/www.sokisahtel.net\/blog\/wp-content\/uploads\/2025\/06\/7d94afc2-274d-4ffa-a80b-2bd6d7ea9407-600x338.jpeg 600w, https:\/\/www.sokisahtel.net\/blog\/wp-content\/uploads\/2025\/06\/7d94afc2-274d-4ffa-a80b-2bd6d7ea9407-550x309.jpeg 550w, https:\/\/www.sokisahtel.net\/blog\/wp-content\/uploads\/2025\/06\/7d94afc2-274d-4ffa-a80b-2bd6d7ea9407-370x208.jpeg 370w, https:\/\/www.sokisahtel.net\/blog\/wp-content\/uploads\/2025\/06\/7d94afc2-274d-4ffa-a80b-2bd6d7ea9407-255x143.jpeg 255w\" sizes=\"(max-width: 1024px) 100vw, 1024px\" \/><\/figure>\n\n\n<h2 class=\"has-medium-font-size\" id=\"aprill-22-on-maa-paev-mis-see-on-ja-miks-seda-tahistatakse\"><strong>Aprill 22 on Maa p\u00e4ev! Mis see on ja miks seda t\u00e4histatakse?<\/strong><\/h2>\n\n\n<p>Seda p\u00e4eva t\u00e4histatakse rahvusvaheliselt juba aastast 1970. Maa p\u00e4eva eesm\u00e4rk on t\u00f5sta teadlikkust meie planeedi loodusvarade haavatavusest ja \u00f5petada inimestele, kuidas nad saavad teha oma osa keskkonna kaitsmisel. Samuti, et on v\u00f5imalik oma tegevustes olla keskkonnas\u00e4\u00e4stlikum.<\/p>\n\n\n\n<p>Maa p\u00e4eva t\u00e4histamiseks korraldatakse erinevaid s\u00fcndmusi ja tegevusi, mis on suunatud keskkonna saastamise v\u00e4hendamisele, taastuvenergia edendamisele, taimede istutamisele ja muudele keskkonnateadlikkust t\u00f5stvatele tegevustele.<\/p>\n\n\n\n<p>Meie j\u00e4lgime s\u00fcndmuste kaarti ja tegevusi <a href=\"https:\/\/www.earthday.org\/earth-day-2023\/\">SIIT!<\/a><\/p>\n","protected":false},"excerpt":{"rendered":"<p>T\u00e4na r\u00e4\u00e4gime meie uuest algatusest- pakendivaba tellimine Sokisahtli e-poest. Oleme juba aastaid proovinud olla v\u00f5imalikult keskkonnateadlikud ning soovinud teha oma osa, et v\u00e4hendada tarbetut pakendij\u00e4\u00e4tmete hulka maailmas. Seet\u00f5ttu proovime koos teiega aprilli- ja maikuus sellist testperioodi, kus e-poest tellides on K\u00d5IK tooted pakendivabad. Katsetame koos teiega, kuidas see t\u00f6\u00f6tab ja kas edaspidi v\u00f5iks ka e-poes [&hellip;]<\/p>\n","protected":false},"author":3,"featured_media":4852,"comment_status":"open","ping_status":"open","sticky":false,"template":"","format":"standard","meta":{"_monsterinsights_skip_tracking":false,"_monsterinsights_sitenote_active":false,"_monsterinsights_sitenote_note":"","_monsterinsights_sitenote_category":0,"loftocean_post_format_gallery":"","loftocean_post_format_gallery_ids":"","loftocean_post_format_gallery_urls":"","loftocean_post_format_video_id":0,"loftocean_post_format_video_url":"","loftocean_post_format_video_type":"","loftocean_post_format_video":"","loftocean_post_format_audio_type":"","loftocean_post_format_audio_url":"","loftocean_post_format_audio_id":0,"loftocean_post_format_audio":"","loftocean-featured-post":"","loftocean-like-count":0,"loftocean-view-count":50840,"tinysalt_single_post_intro_label":"","tinysalt_single_post_intro_description":"","tinysalt_hide_post_featured_image":"","tinysalt_post_featured_media_position":"","tinysalt_hide_before_page_content_ad":"","tinysalt_hide_after_page_content_ad":"","tinysalt_hide_page_header":"","tinysalt_advanced_classname":"","tinysalt_page_featured_media_position":""},"categories":[11],"tags":[],"yoast_head":"<!-- This site is optimized with the Yoast SEO Premium plugin v17.8 (Yoast SEO v17.8) - https:\/\/yoast.com\/wordpress\/plugins\/seo\/ -->\n<title>Pakendivaba tellimine massidesse! Tule proovi ja anna m\u00e4rku, mis asjast arvad! - Sokisahtel blogi<\/title>\n<meta name=\"description\" content=\"Mis on pakendivaba? Kas teadsid, et kui ostad Sokisahtlist sokke v\u00f5i sukkp\u00fckse, saad pakendi kohe ilusti toote \u00fcmbert \u00e4ra v\u00f5tta?\" \/>\n<meta name=\"robots\" content=\"index, follow, max-snippet:-1, max-image-preview:large, max-video-preview:-1\" \/>\n<link rel=\"canonical\" href=\"https:\/\/www.sokisahtel.net\/blog\/pakendivaba-tellimine-massidesse-tule-proovi-ja-anna-marku-mis-asjast-arvad\/\" \/>\n<meta property=\"og:locale\" content=\"et_EE\" \/>\n<meta property=\"og:type\" content=\"article\" \/>\n<meta property=\"og:title\" content=\"Pakendivaba tellimine massidesse! Tule proovi ja anna m\u00e4rku, mis asjast arvad!\" \/>\n<meta property=\"og:description\" content=\"Mis on pakendivaba? Kas teadsid, et kui ostad Sokisahtlist sokke v\u00f5i sukkp\u00fckse, saad pakendi kohe ilusti toote \u00fcmbert \u00e4ra v\u00f5tta?\" \/>\n<meta property=\"og:url\" content=\"https:\/\/www.sokisahtel.net\/blog\/pakendivaba-tellimine-massidesse-tule-proovi-ja-anna-marku-mis-asjast-arvad\/\" \/>\n<meta property=\"og:site_name\" content=\"Sokisahtel blogi\" \/>\n<meta property=\"article:publisher\" content=\"https:\/\/www.facebook.com\/Sokisahtel\" \/>\n<meta property=\"article:published_time\" content=\"2023-04-10T11:41:00+00:00\" \/>\n<meta property=\"article:modified_time\" content=\"2025-06-18T07:31:13+00:00\" \/>\n<meta property=\"og:image\" content=\"https:\/\/www.sokisahtel.net\/blog\/wp-content\/uploads\/2021\/08\/Pakendivaba-tellimine-Vanessa.png\" \/>\n\t<meta property=\"og:image:width\" content=\"1939\" \/>\n\t<meta property=\"og:image:height\" content=\"788\" \/>\n<meta name=\"twitter:card\" content=\"summary_large_image\" \/>\n<meta name=\"twitter:label1\" content=\"Written by\" \/>\n\t<meta name=\"twitter:data1\" content=\"Virtual Assistant\" \/>\n\t<meta name=\"twitter:label2\" content=\"Est. reading time\" \/>\n\t<meta name=\"twitter:data2\" content=\"6 minutit\" \/>\n<script type=\"application\/ld+json\" class=\"yoast-schema-graph\">{\"@context\":\"https:\/\/schema.org\",\"@graph\":[{\"@type\":\"Organization\",\"@id\":\"https:\/\/www.sokisahtel.net\/blog\/#organization\",\"name\":\"Sokisahtel\",\"url\":\"https:\/\/www.sokisahtel.net\/blog\/\",\"sameAs\":[\"https:\/\/www.facebook.com\/Sokisahtel\",\"https:\/\/www.instagram.com\/sokisahtel\/\"],\"logo\":{\"@type\":\"ImageObject\",\"@id\":\"https:\/\/www.sokisahtel.net\/blog\/#logo\",\"inLanguage\":\"et\",\"url\":\"https:\/\/www.sokisahtel.net\/blog\/wp-content\/uploads\/2021\/07\/Sokisahtel_punane_kirivalge.jpg\",\"contentUrl\":\"https:\/\/www.sokisahtel.net\/blog\/wp-content\/uploads\/2021\/07\/Sokisahtel_punane_kirivalge.jpg\",\"width\":1417,\"height\":709,\"caption\":\"Sokisahtel\"},\"image\":{\"@id\":\"https:\/\/www.sokisahtel.net\/blog\/#logo\"}},{\"@type\":\"WebSite\",\"@id\":\"https:\/\/www.sokisahtel.net\/blog\/#website\",\"url\":\"https:\/\/www.sokisahtel.net\/blog\/\",\"name\":\"Sokisahtel blogi\",\"description\":\"Sokisahtli sokijutud\",\"publisher\":{\"@id\":\"https:\/\/www.sokisahtel.net\/blog\/#organization\"},\"potentialAction\":[{\"@type\":\"SearchAction\",\"target\":{\"@type\":\"EntryPoint\",\"urlTemplate\":\"https:\/\/www.sokisahtel.net\/blog\/?s={search_term_string}\"},\"query-input\":\"required name=search_term_string\"}],\"inLanguage\":\"et\"},{\"@type\":\"ImageObject\",\"@id\":\"https:\/\/www.sokisahtel.net\/blog\/pakendivaba-tellimine-massidesse-tule-proovi-ja-anna-marku-mis-asjast-arvad\/#primaryimage\",\"inLanguage\":\"et\",\"url\":\"https:\/\/www.sokisahtel.net\/blog\/wp-content\/uploads\/2021\/08\/Pakendivaba-tellimine-Vanessa.png\",\"contentUrl\":\"https:\/\/www.sokisahtel.net\/blog\/wp-content\/uploads\/2021\/08\/Pakendivaba-tellimine-Vanessa.png\",\"width\":1939,\"height\":788,\"caption\":\"Pakendivaba tellimine Sokisahtlist\"},{\"@type\":\"WebPage\",\"@id\":\"https:\/\/www.sokisahtel.net\/blog\/pakendivaba-tellimine-massidesse-tule-proovi-ja-anna-marku-mis-asjast-arvad\/#webpage\",\"url\":\"https:\/\/www.sokisahtel.net\/blog\/pakendivaba-tellimine-massidesse-tule-proovi-ja-anna-marku-mis-asjast-arvad\/\",\"name\":\"Pakendivaba tellimine massidesse! Tule proovi ja anna m\\u00e4rku, mis asjast arvad! - Sokisahtel blogi\",\"isPartOf\":{\"@id\":\"https:\/\/www.sokisahtel.net\/blog\/#website\"},\"primaryImageOfPage\":{\"@id\":\"https:\/\/www.sokisahtel.net\/blog\/pakendivaba-tellimine-massidesse-tule-proovi-ja-anna-marku-mis-asjast-arvad\/#primaryimage\"},\"datePublished\":\"2023-04-10T11:41:00+00:00\",\"dateModified\":\"2025-06-18T07:31:13+00:00\",\"description\":\"Mis on pakendivaba? Kas teadsid, et kui ostad Sokisahtlist sokke v\\u00f5i sukkp\\u00fckse, saad pakendi kohe ilusti toote \\u00fcmbert \\u00e4ra v\\u00f5tta?\",\"breadcrumb\":{\"@id\":\"https:\/\/www.sokisahtel.net\/blog\/pakendivaba-tellimine-massidesse-tule-proovi-ja-anna-marku-mis-asjast-arvad\/#breadcrumb\"},\"inLanguage\":\"et\",\"potentialAction\":[{\"@type\":\"ReadAction\",\"target\":[\"https:\/\/www.sokisahtel.net\/blog\/pakendivaba-tellimine-massidesse-tule-proovi-ja-anna-marku-mis-asjast-arvad\/\"]}]},{\"@type\":\"BreadcrumbList\",\"@id\":\"https:\/\/www.sokisahtel.net\/blog\/pakendivaba-tellimine-massidesse-tule-proovi-ja-anna-marku-mis-asjast-arvad\/#breadcrumb\",\"itemListElement\":[{\"@type\":\"ListItem\",\"position\":1,\"name\":\"Back to homepage\",\"item\":\"https:\/\/www.sokisahtel.net\/blog\/\"},{\"@type\":\"ListItem\",\"position\":2,\"name\":\"Pakendivaba tellimine massidesse! Tule proovi ja anna m\\u00e4rku, mis asjast arvad!\"}]},{\"@type\":\"Article\",\"@id\":\"https:\/\/www.sokisahtel.net\/blog\/pakendivaba-tellimine-massidesse-tule-proovi-ja-anna-marku-mis-asjast-arvad\/#article\",\"isPartOf\":{\"@id\":\"https:\/\/www.sokisahtel.net\/blog\/pakendivaba-tellimine-massidesse-tule-proovi-ja-anna-marku-mis-asjast-arvad\/#webpage\"},\"author\":{\"@id\":\"https:\/\/www.sokisahtel.net\/blog\/#\/schema\/person\/70da1b250de12616a0169525a38ec67b\"},\"headline\":\"Pakendivaba tellimine massidesse! Tule proovi ja anna m\\u00e4rku, mis asjast arvad!\",\"datePublished\":\"2023-04-10T11:41:00+00:00\",\"dateModified\":\"2025-06-18T07:31:13+00:00\",\"mainEntityOfPage\":{\"@id\":\"https:\/\/www.sokisahtel.net\/blog\/pakendivaba-tellimine-massidesse-tule-proovi-ja-anna-marku-mis-asjast-arvad\/#webpage\"},\"wordCount\":966,\"commentCount\":0,\"publisher\":{\"@id\":\"https:\/\/www.sokisahtel.net\/blog\/#organization\"},\"image\":{\"@id\":\"https:\/\/www.sokisahtel.net\/blog\/pakendivaba-tellimine-massidesse-tule-proovi-ja-anna-marku-mis-asjast-arvad\/#primaryimage\"},\"thumbnailUrl\":\"https:\/\/www.sokisahtel.net\/blog\/wp-content\/uploads\/2021\/08\/Pakendivaba-tellimine-Vanessa.png\",\"articleSection\":[\"Kingitused naistele\"],\"inLanguage\":\"et\",\"potentialAction\":[{\"@type\":\"CommentAction\",\"name\":\"Comment\",\"target\":[\"https:\/\/www.sokisahtel.net\/blog\/pakendivaba-tellimine-massidesse-tule-proovi-ja-anna-marku-mis-asjast-arvad\/#respond\"]}]},{\"@type\":\"Person\",\"@id\":\"https:\/\/www.sokisahtel.net\/blog\/#\/schema\/person\/70da1b250de12616a0169525a38ec67b\",\"name\":\"Virtual Assistant\",\"image\":{\"@type\":\"ImageObject\",\"@id\":\"https:\/\/www.sokisahtel.net\/blog\/#personlogo\",\"inLanguage\":\"et\",\"url\":\"https:\/\/secure.gravatar.com\/avatar\/be54580922a40e770850ffd908887520?s=96&d=mm&r=g\",\"contentUrl\":\"https:\/\/secure.gravatar.com\/avatar\/be54580922a40e770850ffd908887520?s=96&d=mm&r=g\",\"caption\":\"Virtual Assistant\"},\"url\":\"https:\/\/www.sokisahtel.net\/blog\/author\/virtual\/\"}]}<\/script>\n<!-- \/ Yoast SEO Premium plugin. -->","yoast_head_json":{"title":"Pakendivaba tellimine massidesse! Tule proovi ja anna m\u00e4rku, mis asjast arvad! - Sokisahtel blogi","description":"Mis on pakendivaba? Kas teadsid, et kui ostad Sokisahtlist sokke v\u00f5i sukkp\u00fckse, saad pakendi kohe ilusti toote \u00fcmbert \u00e4ra v\u00f5tta?","robots":{"index":"index","follow":"follow","max-snippet":"max-snippet:-1","max-image-preview":"max-image-preview:large","max-video-preview":"max-video-preview:-1"},"canonical":"https:\/\/www.sokisahtel.net\/blog\/pakendivaba-tellimine-massidesse-tule-proovi-ja-anna-marku-mis-asjast-arvad\/","og_locale":"et_EE","og_type":"article","og_title":"Pakendivaba tellimine massidesse! Tule proovi ja anna m\u00e4rku, mis asjast arvad!","og_description":"Mis on pakendivaba? Kas teadsid, et kui ostad Sokisahtlist sokke v\u00f5i sukkp\u00fckse, saad pakendi kohe ilusti toote \u00fcmbert \u00e4ra v\u00f5tta?","og_url":"https:\/\/www.sokisahtel.net\/blog\/pakendivaba-tellimine-massidesse-tule-proovi-ja-anna-marku-mis-asjast-arvad\/","og_site_name":"Sokisahtel blogi","article_publisher":"https:\/\/www.facebook.com\/Sokisahtel","article_published_time":"2023-04-10T11:41:00+00:00","article_modified_time":"2025-06-18T07:31:13+00:00","og_image":[{"width":1939,"height":788,"url":"https:\/\/www.sokisahtel.net\/blog\/wp-content\/uploads\/2021\/08\/Pakendivaba-tellimine-Vanessa.png","type":"image\/png"}],"twitter_card":"summary_large_image","twitter_misc":{"Written by":"Virtual Assistant","Est. reading time":"6 minutit"},"schema":{"@context":"https:\/\/schema.org","@graph":[{"@type":"Organization","@id":"https:\/\/www.sokisahtel.net\/blog\/#organization","name":"Sokisahtel","url":"https:\/\/www.sokisahtel.net\/blog\/","sameAs":["https:\/\/www.facebook.com\/Sokisahtel","https:\/\/www.instagram.com\/sokisahtel\/"],"logo":{"@type":"ImageObject","@id":"https:\/\/www.sokisahtel.net\/blog\/#logo","inLanguage":"et","url":"https:\/\/www.sokisahtel.net\/blog\/wp-content\/uploads\/2021\/07\/Sokisahtel_punane_kirivalge.jpg","contentUrl":"https:\/\/www.sokisahtel.net\/blog\/wp-content\/uploads\/2021\/07\/Sokisahtel_punane_kirivalge.jpg","width":1417,"height":709,"caption":"Sokisahtel"},"image":{"@id":"https:\/\/www.sokisahtel.net\/blog\/#logo"}},{"@type":"WebSite","@id":"https:\/\/www.sokisahtel.net\/blog\/#website","url":"https:\/\/www.sokisahtel.net\/blog\/","name":"Sokisahtel blogi","description":"Sokisahtli sokijutud","publisher":{"@id":"https:\/\/www.sokisahtel.net\/blog\/#organization"},"potentialAction":[{"@type":"SearchAction","target":{"@type":"EntryPoint","urlTemplate":"https:\/\/www.sokisahtel.net\/blog\/?s={search_term_string}"},"query-input":"required name=search_term_string"}],"inLanguage":"et"},{"@type":"ImageObject","@id":"https:\/\/www.sokisahtel.net\/blog\/pakendivaba-tellimine-massidesse-tule-proovi-ja-anna-marku-mis-asjast-arvad\/#primaryimage","inLanguage":"et","url":"https:\/\/www.sokisahtel.net\/blog\/wp-content\/uploads\/2021\/08\/Pakendivaba-tellimine-Vanessa.png","contentUrl":"https:\/\/www.sokisahtel.net\/blog\/wp-content\/uploads\/2021\/08\/Pakendivaba-tellimine-Vanessa.png","width":1939,"height":788,"caption":"Pakendivaba tellimine Sokisahtlist"},{"@type":"WebPage","@id":"https:\/\/www.sokisahtel.net\/blog\/pakendivaba-tellimine-massidesse-tule-proovi-ja-anna-marku-mis-asjast-arvad\/#webpage","url":"https:\/\/www.sokisahtel.net\/blog\/pakendivaba-tellimine-massidesse-tule-proovi-ja-anna-marku-mis-asjast-arvad\/","name":"Pakendivaba tellimine massidesse! Tule proovi ja anna m\u00e4rku, mis asjast arvad! - Sokisahtel blogi","isPartOf":{"@id":"https:\/\/www.sokisahtel.net\/blog\/#website"},"primaryImageOfPage":{"@id":"https:\/\/www.sokisahtel.net\/blog\/pakendivaba-tellimine-massidesse-tule-proovi-ja-anna-marku-mis-asjast-arvad\/#primaryimage"},"datePublished":"2023-04-10T11:41:00+00:00","dateModified":"2025-06-18T07:31:13+00:00","description":"Mis on pakendivaba? Kas teadsid, et kui ostad Sokisahtlist sokke v\u00f5i sukkp\u00fckse, saad pakendi kohe ilusti toote \u00fcmbert \u00e4ra v\u00f5tta?","breadcrumb":{"@id":"https:\/\/www.sokisahtel.net\/blog\/pakendivaba-tellimine-massidesse-tule-proovi-ja-anna-marku-mis-asjast-arvad\/#breadcrumb"},"inLanguage":"et","potentialAction":[{"@type":"ReadAction","target":["https:\/\/www.sokisahtel.net\/blog\/pakendivaba-tellimine-massidesse-tule-proovi-ja-anna-marku-mis-asjast-arvad\/"]}]},{"@type":"BreadcrumbList","@id":"https:\/\/www.sokisahtel.net\/blog\/pakendivaba-tellimine-massidesse-tule-proovi-ja-anna-marku-mis-asjast-arvad\/#breadcrumb","itemListElement":[{"@type":"ListItem","position":1,"name":"Back to homepage","item":"https:\/\/www.sokisahtel.net\/blog\/"},{"@type":"ListItem","position":2,"name":"Pakendivaba tellimine massidesse! Tule proovi ja anna m\u00e4rku, mis asjast arvad!"}]},{"@type":"Article","@id":"https:\/\/www.sokisahtel.net\/blog\/pakendivaba-tellimine-massidesse-tule-proovi-ja-anna-marku-mis-asjast-arvad\/#article","isPartOf":{"@id":"https:\/\/www.sokisahtel.net\/blog\/pakendivaba-tellimine-massidesse-tule-proovi-ja-anna-marku-mis-asjast-arvad\/#webpage"},"author":{"@id":"https:\/\/www.sokisahtel.net\/blog\/#\/schema\/person\/70da1b250de12616a0169525a38ec67b"},"headline":"Pakendivaba tellimine massidesse! Tule proovi ja anna m\u00e4rku, mis asjast arvad!","datePublished":"2023-04-10T11:41:00+00:00","dateModified":"2025-06-18T07:31:13+00:00","mainEntityOfPage":{"@id":"https:\/\/www.sokisahtel.net\/blog\/pakendivaba-tellimine-massidesse-tule-proovi-ja-anna-marku-mis-asjast-arvad\/#webpage"},"wordCount":966,"commentCount":0,"publisher":{"@id":"https:\/\/www.sokisahtel.net\/blog\/#organization"},"image":{"@id":"https:\/\/www.sokisahtel.net\/blog\/pakendivaba-tellimine-massidesse-tule-proovi-ja-anna-marku-mis-asjast-arvad\/#primaryimage"},"thumbnailUrl":"https:\/\/www.sokisahtel.net\/blog\/wp-content\/uploads\/2021\/08\/Pakendivaba-tellimine-Vanessa.png","articleSection":["Kingitused naistele"],"inLanguage":"et","potentialAction":[{"@type":"CommentAction","name":"Comment","target":["https:\/\/www.sokisahtel.net\/blog\/pakendivaba-tellimine-massidesse-tule-proovi-ja-anna-marku-mis-asjast-arvad\/#respond"]}]},{"@type":"Person","@id":"https:\/\/www.sokisahtel.net\/blog\/#\/schema\/person\/70da1b250de12616a0169525a38ec67b","name":"Virtual Assistant","image":{"@type":"ImageObject","@id":"https:\/\/www.sokisahtel.net\/blog\/#personlogo","inLanguage":"et","url":"https:\/\/secure.gravatar.com\/avatar\/be54580922a40e770850ffd908887520?s=96&d=mm&r=g","contentUrl":"https:\/\/secure.gravatar.com\/avatar\/be54580922a40e770850ffd908887520?s=96&d=mm&r=g","caption":"Virtual Assistant"},"url":"https:\/\/www.sokisahtel.net\/blog\/author\/virtual\/"}]}},"_links":{"self":[{"href":"https:\/\/www.sokisahtel.net\/blog\/wp-json\/wp\/v2\/posts\/583"}],"collection":[{"href":"https:\/\/www.sokisahtel.net\/blog\/wp-json\/wp\/v2\/posts"}],"about":[{"href":"https:\/\/www.sokisahtel.net\/blog\/wp-json\/wp\/v2\/types\/post"}],"author":[{"embeddable":true,"href":"https:\/\/www.sokisahtel.net\/blog\/wp-json\/wp\/v2\/users\/3"}],"replies":[{"embeddable":true,"href":"https:\/\/www.sokisahtel.net\/blog\/wp-json\/wp\/v2\/comments?post=583"}],"version-history":[{"count":23,"href":"https:\/\/www.sokisahtel.net\/blog\/wp-json\/wp\/v2\/posts\/583\/revisions"}],"predecessor-version":[{"id":7174,"href":"https:\/\/www.sokisahtel.net\/blog\/wp-json\/wp\/v2\/posts\/583\/revisions\/7174"}],"wp:featuredmedia":[{"embeddable":true,"href":"https:\/\/www.sokisahtel.net\/blog\/wp-json\/wp\/v2\/media\/4852"}],"wp:attachment":[{"href":"https:\/\/www.sokisahtel.net\/blog\/wp-json\/wp\/v2\/media?parent=583"}],"wp:term":[{"taxonomy":"category","embeddable":true,"href":"https:\/\/www.sokisahtel.net\/blog\/wp-json\/wp\/v2\/categories?post=583"},{"taxonomy":"post_tag","embeddable":true,"href":"https:\/\/www.sokisahtel.net\/blog\/wp-json\/wp\/v2\/tags?post=583"}],"curies":[{"name":"wp","href":"https:\/\/api.w.org\/{rel}","templated":true}]}}