{"id":1109,"date":"2025-10-25T08:34:44","date_gmt":"2025-10-25T08:34:44","guid":{"rendered":"https:\/\/www.sokisahtel.net\/blog\/black-friday-miks-see-pole-ainult-allahindluste-vaid-ka-tarkade-ostude-aeg-2\/"},"modified":"2026-07-20T15:04:53","modified_gmt":"2026-07-20T12:04:53","slug":"black-friday-miks-see-pole-ainult-allahindluste-vaid-ka-tarkade-ostude-aeg","status":"publish","type":"post","link":"https:\/\/www.sokisahtel.net\/blog\/black-friday-miks-see-pole-ainult-allahindluste-vaid-ka-tarkade-ostude-aeg\/","title":{"rendered":"BLACK FRIDAY \u2013 MIKS SEE POLE AINULT ALLAHINDLUSTE, VAID KA TARKADE OSTUDE AEG"},"content":{"rendered":"<ul class=\"simpletoc\">\n<li>\n<a class=\"smooth-scroll\" href=\"#kust-must-reede-tegelikult-tuli\">Kust Must Reede tegelikult tuli?<\/a><\/li>\n<li>\n<a class=\"smooth-scroll\" href=\"#black-friday-vastuolud-kui-palju-on-liiga-palju\">Black Friday vastuolud: kui palju on liiga palju?<\/a><\/li>\n<li>\n<a class=\"smooth-scroll\" href=\"#moistlik-must-reede-osta-ara-joulukingid-enne-detsembri-hullust\">M\u00f5istlik Must Reede \u2013 osta \u00e4ra j\u00f5ulukingid enne detsembri hullust<\/a><\/li>\n<li>\n<a class=\"smooth-scroll\" href=\"#kingiideed-black-friday-nadalaks\">Kingiideed Black Friday n\u00e4dalaks<\/a><\/li>\n<li>\n<a class=\"smooth-scroll\" href=\"#kuidas-valtida-black-friday-lokse\">Kuidas v\u00e4ltida Black Friday l\u00f5kse<\/a><\/li>\n<li>\n<a class=\"smooth-scroll\" href=\"#black-friday-sokisahtlis-mitte-lihtsalt-odav-paev\">Black Friday Sokisahtlis \u2013 mitte lihtsalt odav p\u00e4ev<\/a><\/li>\n<\/ul>\n<p><a href=\"https:\/\/en.wikipedia.org\/wiki\/Black_Friday_(shopping)\" target=\"_blank\" rel=\"noreferrer noopener\">Must Reede<\/a> v\u00f5i v\u00e4lismaiselt tundub Black Friday. P\u00e4ev, mil internet l\u00e4heb katki ja e-poed laulavad k\u00f5ik koos korraga \u201ctooted kuni -70% soodsamalt\u201d. Ameerikas seisavad inimesed j\u00e4rjekorras juba enne p\u00e4ikeset\u00f5usu, Eestis avavad samal ajal oma telefonis k\u00fcmneid e-poode, et \u201chea diil leida\u201d.\u00a0<\/p>\n<p>Aga kust see Must Reede alguse sai, miks ta nii populaarne on ja samal ajal miks seda p\u00e4eva on nimetatud ka nii vastuoluliseks?<\/p>\n<p>Ja mis k\u00f5ige t\u00e4htsam &#8211; miks on <a href=\"http:\/\/sokisahtel.net\" target=\"_blank\" rel=\"noreferrer noopener\"><strong>Sokisahtli Black Friday pakkumised<\/strong><\/a> sel aastal k\u00f5ige m\u00f5istlikum viis kingihooaega alustada?<\/p>\n<div class=\"wp-block-columns\">\n<div class=\"wp-block-column\">\n<figure class=\"wp-block-image size-large\"><a href=\"https:\/\/www.sokisahtel.net\/et\/kollektsioonid\" target=\"_blank\" rel=\"noopener\"><img loading=\"lazy\" decoding=\"async\" width=\"683\" height=\"1024\" src=\"https:\/\/www.sokisahtel.net\/wp-content\/uploads\/2025\/10\/juss_1-683x1024-1.png\" alt=\"Parim Isa puuvillased sokid kinkekarbis - ideaalne valik igaks s\u00fcndmuseks!\" class=\"wp-image-7363\" srcset=\"https:\/\/www.sokisahtel.net\/wp-content\/uploads\/2025\/10\/juss_1-683x1024-1.png 683w, https:\/\/www.sokisahtel.net\/wp-content\/uploads\/2025\/10\/juss_1-200x300-1.png 200w, https:\/\/www.sokisahtel.net\/wp-content\/uploads\/2025\/10\/juss_1-768x1152-1.png 768w, https:\/\/www.sokisahtel.net\/wp-content\/uploads\/2025\/10\/juss_1-780x1170-1.png 780w, https:\/\/www.sokisahtel.net\/wp-content\/uploads\/2025\/10\/juss_1-600x900-1.png 600w, https:\/\/www.sokisahtel.net\/wp-content\/uploads\/2025\/10\/juss_1-550x825-1.png 550w, https:\/\/www.sokisahtel.net\/wp-content\/uploads\/2025\/10\/juss_1-370x555-1.png 370w, https:\/\/www.sokisahtel.net\/wp-content\/uploads\/2025\/10\/juss_1-255x383-1.png 255w, https:\/\/www.sokisahtel.net\/wp-content\/uploads\/2025\/10\/juss_1.png 800w\" sizes=\"auto, (max-width: 683px) 100vw, 683px\" \/><\/a><\/figure>\n<\/div>\n<div class=\"wp-block-column is-vertically-aligned-center\">\n<h2 class=\"has-medium-font-size\" id=\"kust-must-reede-tegelikult-tuli\"><strong>Kust Must Reede tegelikult tuli?<\/strong><\/h2>\n<p>Black Friday algas 1960ndate USA-s, kui kauplused tahtsid t\u00e4nup\u00fchadele j\u00e4rgmisel p\u00e4eval inimesi poodidesse tagasi meelitada. \u201cMust\u201d viitas algselt raamatupidamisele \u2013 p\u00e4ev, mil ettev\u00f5tted liikusid \u201cpunasest\u201d (kahjumist) \u201cmusta\u201d (kasumisse). Aja jooksul kasvas sellest globaalse ulatusega ostup\u00fcha, mis avab j\u00f5uluhooaja juba novembri l\u00f5pus.<\/p>\n<p>Eestisse j\u00f5udis see komme 2010. aastate keskpaigas ja on n\u00fc\u00fcdseks \u00fcks aasta suurimaid e-ostlemise perioode. Statistika n\u00e4itab, et 2024. aastal kasvas Must Reede n\u00e4dalal e-kaubandus Eestis ligi <strong>40% v\u00f5rra<\/strong> v\u00f5rreldes tavalise n\u00e4dalaga. Samal ajal on hakanud \u00fcha enam inimesi k\u00fcsima, kas see k\u00f5ik on \u00fcldse m\u00f5istlik.<\/p>\n<\/div>\n<\/div>\n<h2 class=\"has-medium-font-size\" id=\"black-friday-vastuolud-kui-palju-on-liiga-palju\"><strong>Black Friday vastuolud: kui palju on liiga palju?<\/strong><\/h2>\n<p>Kuigi Must Reede toob kaasa soodustusi ja r\u00f5\u00f5mu, on see muutunud ka s\u00fcmboliks \u00fcletarbimisele. Igal aastal j\u00e4\u00e4vad hinnanguliselt <strong>30\u201340% ostetud toodetest kasutamata<\/strong>. Planeet ja rahakott saavad m\u00f5lemad kannatada, impulssostude t\u00f5ttu kogunevad kapinurgad t\u00e4is \u201cvajalikke asju\u201d, mida tegelikult ei vajatudki. Aga olid hea hinnaga.<\/p>\n<p>Siit kerkib k\u00fcsimus: kas Must Reede peaks olema \u201costa k\u00f5ike, mis odav\u201d, v\u00f5i hoopis \u201costa targalt, osta seda, mida niikuinii vajad\u201d?<\/p>\n<div class=\"wp-block-columns\">\n<div class=\"wp-block-column is-vertically-aligned-center\">\n<h2 class=\"has-medium-font-size\" id=\"moistlik-must-reede-osta-ara-joulukingid-enne-detsembri-hullust\"><strong>M\u00f5istlik Must Reede ??? osta \u00e4ra j\u00f5ulukingid enne detsembri hullust<\/strong><\/h2>\n<p>Tegelikult on Must Reede just <strong>t\u00e4iuslik aeg <\/strong><a href=\"https:\/\/www.sokisahtel.net\/et\/kollektsioonid\/joulusokid\" target=\"_blank\" rel=\"noreferrer noopener\"><strong>j\u00f5ulukingituste<\/strong><\/a> tegemiseks. Mitte tormamiseks, vaid planeerimiseks. Kui j\u00f5ulude eel kipub valitsema paanika (\u201ck\u00f5ik on otsas\u201d, \u201ctarne hilineb\u201d, \u201cma ei tea, mida kinkida\u201d), siis Black Friday 2025 n\u00e4dal (sel aastal <strong>24.\u201328. november<\/strong>) annab v\u00f5imaluse hingata ja valida rahulikult.<\/p>\n<p>Sokisahtli <strong>Black Friday pakkumised<\/strong> on loodud just sel m\u00f5ttega, et inimesed leiaksid kingid, mis on <strong>p\u00e4riselt m\u00f5istlikud ja kestvad<\/strong>. Mitte impulssostud, vaid asjad, mis toovad soojust ja r\u00f5\u00f5mu ka peale p\u00fchi.<\/p>\n<\/div>\n<div class=\"wp-block-column\">\n<figure class=\"wp-block-image size-large\"><a href=\"https:\/\/www.sokisahtel.net\/et\/kollektsioonid\/advendikalendrid\" target=\"_blank\" rel=\"noopener\"><img loading=\"lazy\" decoding=\"async\" width=\"683\" height=\"1024\" src=\"https:\/\/www.sokisahtel.net\/wp-content\/uploads\/2025\/10\/christmas_calendra_1-683x1024-1.png\" alt=\"Advendikalender on 4-n\u00e4dalane seiklus, kus iga p\u00e4ev toob endaga uued sokid! \" class=\"wp-image-7360\" srcset=\"https:\/\/www.sokisahtel.net\/wp-content\/uploads\/2025\/10\/christmas_calendra_1-683x1024-1.png 683w, https:\/\/www.sokisahtel.net\/wp-content\/uploads\/2025\/10\/christmas_calendra_1-200x300-1.png 200w, https:\/\/www.sokisahtel.net\/wp-content\/uploads\/2025\/10\/christmas_calendra_1-768x1152-1.png 768w, https:\/\/www.sokisahtel.net\/wp-content\/uploads\/2025\/10\/christmas_calendra_1-780x1170-1.png 780w, https:\/\/www.sokisahtel.net\/wp-content\/uploads\/2025\/10\/christmas_calendra_1-600x900-1.png 600w, https:\/\/www.sokisahtel.net\/wp-content\/uploads\/2025\/10\/christmas_calendra_1-550x825-1.png 550w, https:\/\/www.sokisahtel.net\/wp-content\/uploads\/2025\/10\/christmas_calendra_1-370x555-1.png 370w, https:\/\/www.sokisahtel.net\/wp-content\/uploads\/2025\/10\/christmas_calendra_1-255x383-1.png 255w, https:\/\/www.sokisahtel.net\/wp-content\/uploads\/2025\/10\/christmas_calendra_1.png 800w\" sizes=\"auto, (max-width: 683px) 100vw, 683px\" \/><\/a><\/figure>\n<\/div>\n<\/div>\n<div class=\"wp-block-buttons\">\n<div class=\"wp-block-button has-custom-width wp-block-button__width-100\"><a class=\"wp-block-button__link has-white-color has-vivid-red-background-color has-text-color has-background\" href=\"https:\/\/www.sokisahtel.net\/et\/uued-tooted\" target=\"_blank\" rel=\"noreferrer noopener\"><strong>ASJAD, MIS TOOVAD SOOJUST JA R\u00d5\u00d5MU, LEIAD <span style=\"text-decoration: underline;\">SIIT<\/span><\/strong>!<\/a><\/div>\n<\/div>\n<h2 class=\"has-medium-font-size\" id=\"kingiideed-black-friday-nadalaks\"><strong>Kingiideed Black Friday n\u00e4dalaks<\/strong><\/h2>\n<p>Kui otsid midagi praktilist, ilusat ja s\u00fcdamega, siis Sokisahtli valikus on palju, mis sobib nii kingikotti kui sokisahtlisse:<\/p>\n<ul>\n<li><a href=\"https:\/\/www.sokisahtel.net\/et\/kollektsioonid\/alpaka-meriino-ja-angooravillane\" target=\"_blank\" rel=\"noreferrer noopener\"><strong>Meriinovillased sokid<\/strong><\/a> \u2013 ideaalne valik, kui tahad kinkida soojust. Need on vastupidavad, hingavad ja hoiavad jalad soojad ka k\u00f5ige k\u00fclmemal talvep\u00e4eval. Ja sokipaar kulub kingikotis alati \u00e4ra!<\/li>\n<li><a href=\"https:\/\/www.sokisahtel.net\/et\/naistele\/otsid-kingiideed-naistele\" target=\"_blank\" rel=\"noreferrer noopener\"><strong>Kingitused naisele<\/strong><\/a><strong> \u2013 <\/strong>Oleme k\u00fcll teinud eraldi kingikategooria valiku meie kodulehel, kuid vaieldamatuks lemmikuks on igal j\u00f5uluperioodil pehmed <a href=\"https:\/\/www.sokisahtel.net\/et\/kollektsioonid\/alpaka-sallid-ja-pleedid\">alpakavillased sallid ja pleedid<\/a>. Alpaka vill on nii m\u00f5nus soe ja luksuslik. Need sallid ja pleedid on pehmest ja soojast villast, mis sobib ideaalselt Eesti kargete talve\u00f5htute kaaslaseks. Elegantne sall on tore kingitus, mis hoiab kurgu soojas.<\/li>\n<li><strong>Kingitused lastele<\/strong> \u2013 \u00fcllatusi t\u00e4is <a href=\"https:\/\/www.sokisahtel.net\/et\/kollektsioonid\/advendikalendrid\" target=\"_blank\" rel=\"noreferrer noopener\"><strong>soki advendikalender<\/strong><\/a> v\u00f5i <a href=\"https:\/\/www.sokisahtel.net\/et\/kollektsioonid\/7-paeva-sokipakid\" target=\"_blank\" rel=\"noreferrer noopener\"><strong>7 sokipaari kinkepakk<\/strong><\/a>, mis teeb iga hommiku p\u00f5nevaks. Iga paar on erinev \u2013 m\u00f5ni naljakas, m\u00f5ni pidulik, m\u00f5ni pehme ja soe. Selline kingitus pakub mitte ainult soojust, vaid ka elevust kogu detsembrikuuks. Sokiadvendikalender on ideaalne viis, kuidas muuta ootus j\u00f5uludeni l\u00f5busaks ja teha ka p\u00e4kapikut\u00f6\u00f6d lihtsamaks!<\/li>\n<\/ul>\n<div class=\"wp-block-columns\">\n<div class=\"wp-block-column\">\n<figure class=\"wp-block-image size-large\"><a href=\"https:\/\/www.sokisahtel.net\/et\/kollektsioonid\/alpaka-meriino-ja-angooravillane\" target=\"_blank\" rel=\"noopener\"><img loading=\"lazy\" decoding=\"async\" width=\"683\" height=\"1024\" src=\"https:\/\/www.sokisahtel.net\/wp-content\/uploads\/2025\/10\/lamb_merino_wool_giftbox_sokisahtel-683x1024-1.png\" alt=\"Black Friday langeb k\u00fclmale hooajale \u2013 ideaalne aeg soojade sokkide jaoks.\" class=\"wp-image-7355\" srcset=\"https:\/\/www.sokisahtel.net\/wp-content\/uploads\/2025\/10\/lamb_merino_wool_giftbox_sokisahtel-683x1024-1.png 683w, https:\/\/www.sokisahtel.net\/wp-content\/uploads\/2025\/10\/lamb_merino_wool_giftbox_sokisahtel-200x300-1.png 200w, https:\/\/www.sokisahtel.net\/wp-content\/uploads\/2025\/10\/lamb_merino_wool_giftbox_sokisahtel-768x1152-1.png 768w, https:\/\/www.sokisahtel.net\/wp-content\/uploads\/2025\/10\/lamb_merino_wool_giftbox_sokisahtel-780x1170-1.png 780w, https:\/\/www.sokisahtel.net\/wp-content\/uploads\/2025\/10\/lamb_merino_wool_giftbox_sokisahtel-600x900-1.png 600w, https:\/\/www.sokisahtel.net\/wp-content\/uploads\/2025\/10\/lamb_merino_wool_giftbox_sokisahtel-550x825-1.png 550w, https:\/\/www.sokisahtel.net\/wp-content\/uploads\/2025\/10\/lamb_merino_wool_giftbox_sokisahtel-370x555-1.png 370w, https:\/\/www.sokisahtel.net\/wp-content\/uploads\/2025\/10\/lamb_merino_wool_giftbox_sokisahtel-255x383-1.png 255w, https:\/\/www.sokisahtel.net\/wp-content\/uploads\/2025\/10\/lamb_merino_wool_giftbox_sokisahtel.png 800w\" sizes=\"auto, (max-width: 683px) 100vw, 683px\" \/><\/a><figcaption>Meriinovillased sokid \u2013 ideaalne valik, kui tahad kinkida soojust.<\/figcaption><\/figure>\n<div class=\"wp-block-buttons\">\n<div class=\"wp-block-button has-custom-width wp-block-button__width-100\"><a class=\"wp-block-button__link has-white-color has-vivid-red-background-color has-text-color has-background\" href=\"https:\/\/www.sokisahtel.net\/et\/kollektsioonid\/alpaka-meriino-ja-angooravillane\" target=\"_blank\" rel=\"noreferrer noopener\"><strong>MERIINOVILLANE<\/strong><\/a><\/div>\n<\/div>\n<\/div>\n<div class=\"wp-block-column\">\n<figure class=\"wp-block-image size-large\"><a href=\"https:\/\/www.sokisahtel.net\/et\/kollektsioonid\/advendikalendrid\" target=\"_blank\" rel=\"noopener\"><img loading=\"lazy\" decoding=\"async\" width=\"683\" height=\"1024\" src=\"https:\/\/www.sokisahtel.net\/wp-content\/uploads\/2025\/10\/advendikalender_isadepa_ev-683x1024-1.png\" alt=\"Black Friday allahindlused annavad ainulaadse v\u00f5imaluse m\u00e4rkimisv\u00e4\u00e4rselt s\u00e4\u00e4sta.\" class=\"wp-image-7356\" srcset=\"https:\/\/www.sokisahtel.net\/wp-content\/uploads\/2025\/10\/advendikalender_isadepa_ev-683x1024-1.png 683w, https:\/\/www.sokisahtel.net\/wp-content\/uploads\/2025\/10\/advendikalender_isadepa_ev-200x300-1.png 200w, https:\/\/www.sokisahtel.net\/wp-content\/uploads\/2025\/10\/advendikalender_isadepa_ev-768x1152-1.png 768w, https:\/\/www.sokisahtel.net\/wp-content\/uploads\/2025\/10\/advendikalender_isadepa_ev-780x1170-1.png 780w, https:\/\/www.sokisahtel.net\/wp-content\/uploads\/2025\/10\/advendikalender_isadepa_ev-600x900-1.png 600w, https:\/\/www.sokisahtel.net\/wp-content\/uploads\/2025\/10\/advendikalender_isadepa_ev-550x825-1.png 550w, https:\/\/www.sokisahtel.net\/wp-content\/uploads\/2025\/10\/advendikalender_isadepa_ev-370x555-1.png 370w, https:\/\/www.sokisahtel.net\/wp-content\/uploads\/2025\/10\/advendikalender_isadepa_ev-255x383-1.png 255w, https:\/\/www.sokisahtel.net\/wp-content\/uploads\/2025\/10\/advendikalender_isadepa_ev.png 800w\" sizes=\"auto, (max-width: 683px) 100vw, 683px\" \/><\/a><figcaption>Soki advendikalender, kus iga paar on erinev.<\/figcaption><\/figure>\n<div class=\"wp-block-buttons\">\n<div class=\"wp-block-button has-custom-width wp-block-button__width-100\"><a class=\"wp-block-button__link has-white-color has-vivid-red-background-color has-text-color has-background\" href=\"https:\/\/www.sokisahtel.net\/et\/kollektsioonid\/advendikalendrid\" target=\"_blank\" rel=\"noreferrer noopener\"><strong>ADVENDIKALENDER<\/strong><\/a><\/div>\n<\/div>\n<\/div>\n<div class=\"wp-block-column\">\n<figure class=\"wp-block-image size-large\"><a href=\"https:\/\/www.sokisahtel.net\/et\/kollektsioonid\/7-paeva-sokipakid\" target=\"_blank\" rel=\"noopener\"><img loading=\"lazy\" decoding=\"async\" width=\"683\" height=\"1024\" src=\"https:\/\/www.sokisahtel.net\/wp-content\/uploads\/2025\/10\/christmas_gift_1-683x1024-1.png\" alt=\"Mis v\u00f5iks olla p\u00f5nevam kui uued sokid iga p\u00e4ev! Black Friday ajal ostetud n\u00e4dalakomplektid r\u00f5\u00f5mustavad sind veel pikka aega.\" class=\"wp-image-7357\" srcset=\"https:\/\/www.sokisahtel.net\/wp-content\/uploads\/2025\/10\/christmas_gift_1-683x1024-1.png 683w, https:\/\/www.sokisahtel.net\/wp-content\/uploads\/2025\/10\/christmas_gift_1-200x300-1.png 200w, https:\/\/www.sokisahtel.net\/wp-content\/uploads\/2025\/10\/christmas_gift_1-768x1152-1.png 768w, https:\/\/www.sokisahtel.net\/wp-content\/uploads\/2025\/10\/christmas_gift_1-780x1170-1.png 780w, https:\/\/www.sokisahtel.net\/wp-content\/uploads\/2025\/10\/christmas_gift_1-600x900-1.png 600w, https:\/\/www.sokisahtel.net\/wp-content\/uploads\/2025\/10\/christmas_gift_1-550x825-1.png 550w, https:\/\/www.sokisahtel.net\/wp-content\/uploads\/2025\/10\/christmas_gift_1-370x555-1.png 370w, https:\/\/www.sokisahtel.net\/wp-content\/uploads\/2025\/10\/christmas_gift_1-255x383-1.png 255w, https:\/\/www.sokisahtel.net\/wp-content\/uploads\/2025\/10\/christmas_gift_1.png 800w\" sizes=\"auto, (max-width: 683px) 100vw, 683px\" \/><\/a><figcaption>7 sokipaari kinkepakk teeb iga hommiku p\u00f5nevaks!<\/figcaption><\/figure>\n<div class=\"wp-block-buttons\">\n<div class=\"wp-block-button has-custom-width wp-block-button__width-100\"><a class=\"wp-block-button__link has-white-color has-vivid-red-background-color has-text-color has-background\" href=\"https:\/\/www.sokisahtel.net\/et\/kollektsioonid\/7-paeva-sokipakid\" target=\"_blank\" rel=\"noreferrer noopener\"><strong>KINKEPAKK<\/strong><\/a><\/div>\n<\/div>\n<\/div>\n<\/div>\n<h2 class=\"has-medium-font-size\" id=\"kuidas-valtida-black-friday-lokse\"><strong>Kuidas v\u00e4ltida Black Friday l\u00f5kse<\/strong><\/h2>\n<p>Kui plaanid Mustast Reedest maksimumi v\u00f5tta, tee seda nutikalt:<\/p>\n<ol>\n<li><strong>Koosta nimekiri<\/strong> sellest, mida p\u00e4riselt vajad v\u00f5i tahad kinkida.<\/li>\n<li><strong>V\u00f5rdle hindu<\/strong>, \u00e4ra usu iga \u201c-70%\u201d silti. Tihtipeale t\u00f5stetakse hindu vahetult enne Musta reedet, et siis neid alandada justkui soodustuse n\u00e4ol.<\/li>\n<li><strong>Vali kvaliteet<\/strong> \u2013 \u00fcks hea toode kestab kauem kui kolm odavat.<\/li>\n<li><strong>Vaata kohalikke br\u00e4nde<\/strong> \u2013 Eestis on palju lahedaid tegijaidl, kes teevad Black Friday puhul h\u00e4id pakkumisi, aga ei ohverda v\u00e4\u00e4rtust ega kvaliteeti.<\/li>\n<\/ol>\n<div class=\"wp-block-columns\">\n<div class=\"wp-block-column\" style=\"flex-basis:33.33%\">\n<figure class=\"wp-block-image size-large\"><a href=\"https:\/\/www.sokisahtel.net\/et\/kollektsioonid\/alpaka-meriino-ja-angooravillane\" target=\"_blank\" rel=\"noopener\"><img loading=\"lazy\" decoding=\"async\" width=\"683\" height=\"1024\" src=\"https:\/\/www.sokisahtel.net\/wp-content\/uploads\/2025\/10\/alpaca_scarf_and_merino_socks_giftbox_sokisahtel-683x1024-1.png\" alt=\"Black Friday on ideaalne aeg erilistest kangastest v\u00f5i suuremas m\u00f5\u00f5dus toodete ostmiseks!\" class=\"wp-image-7365\" srcset=\"https:\/\/www.sokisahtel.net\/wp-content\/uploads\/2025\/10\/alpaca_scarf_and_merino_socks_giftbox_sokisahtel-683x1024-1.png 683w, https:\/\/www.sokisahtel.net\/wp-content\/uploads\/2025\/10\/alpaca_scarf_and_merino_socks_giftbox_sokisahtel-200x300-1.png 200w, https:\/\/www.sokisahtel.net\/wp-content\/uploads\/2025\/10\/alpaca_scarf_and_merino_socks_giftbox_sokisahtel-768x1152-1.png 768w, https:\/\/www.sokisahtel.net\/wp-content\/uploads\/2025\/10\/alpaca_scarf_and_merino_socks_giftbox_sokisahtel-780x1170-1.png 780w, https:\/\/www.sokisahtel.net\/wp-content\/uploads\/2025\/10\/alpaca_scarf_and_merino_socks_giftbox_sokisahtel-600x900-1.png 600w, https:\/\/www.sokisahtel.net\/wp-content\/uploads\/2025\/10\/alpaca_scarf_and_merino_socks_giftbox_sokisahtel-550x825-1.png 550w, https:\/\/www.sokisahtel.net\/wp-content\/uploads\/2025\/10\/alpaca_scarf_and_merino_socks_giftbox_sokisahtel-370x555-1.png 370w, https:\/\/www.sokisahtel.net\/wp-content\/uploads\/2025\/10\/alpaca_scarf_and_merino_socks_giftbox_sokisahtel-255x383-1.png 255w, https:\/\/www.sokisahtel.net\/wp-content\/uploads\/2025\/10\/alpaca_scarf_and_merino_socks_giftbox_sokisahtel.png 800w\" sizes=\"auto, (max-width: 683px) 100vw, 683px\" \/><\/a><\/figure>\n<\/div>\n<div class=\"wp-block-column is-vertically-aligned-center\" style=\"flex-basis:66.66%\">\n<h2 class=\"has-medium-font-size\" id=\"black-friday-sokisahtlis-mitte-lihtsalt-odav-paev\"><strong>Black Friday Sokisahtlis ??? mitte lihtsalt odav p\u00e4ev<\/strong><\/h2>\n<p>Sokisahtlis ei t\u00e4henda Black Friday tormijooksu soodustustele, vaid h\u00e4id valikuid. Me ei usu, et r\u00f5\u00f5mu saab osta kilohinnaga. Usume, et \u00fcks soe sokipaar v\u00f5i pehme kingitus v\u00f5ib muuta kellegi p\u00e4eva paremaks \u2013 ja see on juba omaette v\u00e4\u00e4rtus.<\/p>\n<p><strong>24.\u201328. novembril<\/strong> toimub <strong>Sokisahtli Black Friday n\u00e4dal<\/strong>, kus leiad p\u00e4riselt kasulikke pakkumisi, mitte lihtsalt t\u00fchja-t\u00e4hja allahindlusi.&nbsp;<\/p>\n<div class=\"wp-block-buttons\">\n<div class=\"wp-block-button has-custom-width wp-block-button__width-100\"><a class=\"wp-block-button__link has-white-color has-vivid-red-background-color has-text-color has-background\" href=\"https:\/\/www.sokisahtel.net\/et\/uued-tooted\" target=\"_blank\" rel=\"noreferrer noopener\"><strong>LEIA K\u00d5IK SELLE S\u00dcGISTALVE HOOAJA UUED TOOTED <span style=\"text-decoration: underline;\">SIIT<\/span>!<\/strong><\/a><\/div>\n<\/div>\n<\/div>\n<\/div>\n","protected":false},"excerpt":{"rendered":"<p>Must Reede v\u00f5i v\u00e4lismaiselt tundub Black Friday. P\u00e4ev, mil internet l\u00e4heb katki ja e-poed laulavad k\u00f5ik koos korraga \u201ctooted kuni -70% soodsamalt\u201d. Ameerikas seisavad inimesed j\u00e4rjekorras juba enne p\u00e4ikeset\u00f5usu, Eestis avavad samal ajal oma telefonis k\u00fcmneid e-poode, et \u201chea diil leida\u201d.\u00a0 Aga kust see Must Reede alguse sai, miks ta nii populaarne on ja samal [&hellip;]<\/p>\n","protected":false},"author":1,"featured_media":3041,"comment_status":"closed","ping_status":"closed","sticky":false,"template":"","format":"standard","meta":{"footnotes":""},"categories":[602],"tags":[],"class_list":["post-1109","post","type-post","status-publish","format-standard","has-post-thumbnail","hentry","category-kingiidee_et"],"_links":{"self":[{"href":"https:\/\/www.sokisahtel.net\/et\/wp-json\/wp\/v2\/posts\/1109","targetHints":{"allow":["GET"]}}],"collection":[{"href":"https:\/\/www.sokisahtel.net\/et\/wp-json\/wp\/v2\/posts"}],"about":[{"href":"https:\/\/www.sokisahtel.net\/et\/wp-json\/wp\/v2\/types\/post"}],"author":[{"embeddable":true,"href":"https:\/\/www.sokisahtel.net\/et\/wp-json\/wp\/v2\/users\/1"}],"replies":[{"embeddable":true,"href":"https:\/\/www.sokisahtel.net\/et\/wp-json\/wp\/v2\/comments?post=1109"}],"version-history":[{"count":1,"href":"https:\/\/www.sokisahtel.net\/et\/wp-json\/wp\/v2\/posts\/1109\/revisions"}],"predecessor-version":[{"id":3042,"href":"https:\/\/www.sokisahtel.net\/et\/wp-json\/wp\/v2\/posts\/1109\/revisions\/3042"}],"wp:featuredmedia":[{"embeddable":true,"href":"https:\/\/www.sokisahtel.net\/et\/wp-json\/wp\/v2\/media\/3041"}],"wp:attachment":[{"href":"https:\/\/www.sokisahtel.net\/et\/wp-json\/wp\/v2\/media?parent=1109"}],"wp:term":[{"taxonomy":"category","embeddable":true,"href":"https:\/\/www.sokisahtel.net\/et\/wp-json\/wp\/v2\/categories?post=1109"},{"taxonomy":"post_tag","embeddable":true,"href":"https:\/\/www.sokisahtel.net\/et\/wp-json\/wp\/v2\/tags?post=1109"}],"curies":[{"name":"wp","href":"https:\/\/api.w.org\/{rel}","templated":true}]}}